{"id":616,"date":"2024-07-31T08:45:25","date_gmt":"2024-07-31T06:45:25","guid":{"rendered":"https:\/\/www.bras-de-fer.fr\/blog\/enjeu-politique-autour-de-la-baignade-danne-hidalgo-dans-la-seine-avant-les-jo-de-paris\/"},"modified":"2024-10-05T16:08:38","modified_gmt":"2024-10-05T14:08:38","slug":"enjeu-politique-autour-de-la-baignade-danne-hidalgo-dans-la-seine-avant-les-jo-de-paris","status":"publish","type":"post","link":"https:\/\/www.bras-de-fer.fr\/blog\/enjeu-politique-autour-de-la-baignade-danne-hidalgo-dans-la-seine-avant-les-jo-de-paris\/","title":{"rendered":"Enjeu politique autour de la baignade d&rsquo;Anne Hidalgo dans la Seine avant les JO de Paris"},"content":{"rendered":"<p><em>La maire de Paris a finalement honor\u00e9 sa promesse en se baignant dans la Seine mercredi matin. Cette action, qui semblait \u00eatre un simple \u00ab\u00a0plouf\u00a0\u00bb, s&rsquo;est transform\u00e9e en un \u00e9v\u00e9nement m\u00e9diatique et politique. Franceinfo d\u00e9voile les coulisses de cette immersion symbolique dans le fleuve parisien, qui a suscit\u00e9 de nombreux commentaires et r\u00e9actions.<\/em><\/p>\n<p>Cette fois, Anne Hidalgo a enfin r\u00e9ussi \u00e0 plonger dans la Seine. Apr\u00e8s de multiples reports en raison de la m\u00e9t\u00e9o et du d\u00e9bit du fleuve, ainsi que de la dissolution de l&rsquo;Assembl\u00e9e nationale, la maire de Paris a enfin r\u00e9alis\u00e9 son plongeon mercredi 17 juillet. Accompagn\u00e9e de plusieurs personnalit\u00e9s, dont son adjoint aux Sports, Pierre Rabadan, et Tony Estanguet, elle a enfin honor\u00e9 un engagement pris il y a plusieurs mois. La baignade collective dans la Seine s&rsquo;est d\u00e9roul\u00e9e pr\u00e8s du pont Marie, non loin de l&rsquo;H\u00f4tel de Ville. <\/p>\n<p>Anne Hidalgo s&rsquo;\u00e9tait entra\u00een\u00e9e dans une piscine chlor\u00e9e pour cette occasion et tenait \u00e0 ne pas porter de combinaison int\u00e9grale, contrairement \u00e0 la ministre des Sports, Am\u00e9lie Oud\u00e9a-Cast\u00e9ra, qui s&rsquo;\u00e9tait baign\u00e9e pr\u00e9c\u00e9demment. L&rsquo;objectif de cette baignade \u00e9tait de montrer que l&rsquo;eau de la Seine est propre et baignable. <\/p>\n<p>Cette initiative de la maire de Paris est \u00e9galement devenue un acte politique, rappelant l&rsquo;engagement de Jacques Chirac \u00e0 rendre la Seine baignable, promesse qu&rsquo;il n&rsquo;avait jamais tenue. Emmanuel Macron s&rsquo;est \u00e9galement engag\u00e9 \u00e0 se baigner dans la Seine, sans donner de date pr\u00e9cise. <\/p>\n<p>Cependant, cette mise en sc\u00e8ne a suscit\u00e9 des r\u00e9actions mitig\u00e9es, certains regrettant un certain \u00ab\u00a0cin\u00e9ma\u00a0\u00bb autour de cette baignade. Des doutes ont \u00e9galement \u00e9t\u00e9 \u00e9mis quant \u00e0 la l\u00e9gitimit\u00e9 d&rsquo;un pr\u00e9fet \u00e0 se mettre en sc\u00e8ne dans l&rsquo;eau. <\/p>\n<p>Anne Hidalgo a promis que d&rsquo;ici l&rsquo;\u00e9t\u00e9 2025, la Seine sera \u00e0 disposition des amateurs de baignade \u00e0 certains endroits de Paris. Cette initiative n&rsquo;a cependant pas \u00e9t\u00e9 suivie par d&rsquo;autres personnalit\u00e9s politiques, comme Val\u00e9rie P\u00e9cresse, pr\u00e9sidente de la R\u00e9gion Ile-de-France. <\/p>\n<p>Finalement, la baignade dans la Seine est devenue un symbole fort, soulignant les efforts pour rendre le fleuve baignable et propre pour tous.<\/p>\n<p>\n   Source de l&rsquo;article : Francetvinfo<\/p>\n","protected":false},"excerpt":{"rendered":"<p>La maire de Paris a finalement honor\u00e9 sa promesse en se baignant dans la Seine mercredi matin. Cette action, qui semblait \u00eatre un simple \u00ab\u00a0plouf\u00a0\u00bb, s&rsquo;est transform\u00e9e en un \u00e9v\u00e9nement m\u00e9diatique et politique. Franceinfo d\u00e9voile les coulisses de cette immersion symbolique dans le fleuve parisien, qui a suscit\u00e9 de nombreux commentaires et r\u00e9actions. Cette fois, &#8230; <a title=\"Enjeu politique autour de la baignade d&rsquo;Anne Hidalgo dans la Seine avant les JO de Paris\" class=\"read-more\" href=\"https:\/\/www.bras-de-fer.fr\/blog\/enjeu-politique-autour-de-la-baignade-danne-hidalgo-dans-la-seine-avant-les-jo-de-paris\/\" aria-label=\"En savoir plus sur Enjeu politique autour de la baignade d&rsquo;Anne Hidalgo dans la Seine avant les JO de Paris\">Lire plus<\/a><\/p>\n","protected":false},"author":1,"featured_media":617,"comment_status":"open","ping_status":"open","sticky":false,"template":"","format":"standard","meta":{"footnotes":""},"categories":[375],"tags":[203,209,204,205,207,201,206,71,150,202,208],"class_list":["post-616","post","type-post","status-publish","format-standard","has-post-thumbnail","hentry","category-non-classe-fr","tag-autour","tag-avant","tag-baignade","tag-danne","tag-dans","tag-enjeu","tag-hidalgo","tag-les","tag-paris","tag-politique","tag-seine"],"views":56,"_links":{"self":[{"href":"https:\/\/www.bras-de-fer.fr\/blog\/wp-json\/wp\/v2\/posts\/616","targetHints":{"allow":["GET"]}}],"collection":[{"href":"https:\/\/www.bras-de-fer.fr\/blog\/wp-json\/wp\/v2\/posts"}],"about":[{"href":"https:\/\/www.bras-de-fer.fr\/blog\/wp-json\/wp\/v2\/types\/post"}],"author":[{"embeddable":true,"href":"https:\/\/www.bras-de-fer.fr\/blog\/wp-json\/wp\/v2\/users\/1"}],"replies":[{"embeddable":true,"href":"https:\/\/www.bras-de-fer.fr\/blog\/wp-json\/wp\/v2\/comments?post=616"}],"version-history":[{"count":0,"href":"https:\/\/www.bras-de-fer.fr\/blog\/wp-json\/wp\/v2\/posts\/616\/revisions"}],"wp:featuredmedia":[{"embeddable":true,"href":"https:\/\/www.bras-de-fer.fr\/blog\/wp-json\/wp\/v2\/media\/617"}],"wp:attachment":[{"href":"https:\/\/www.bras-de-fer.fr\/blog\/wp-json\/wp\/v2\/media?parent=616"}],"wp:term":[{"taxonomy":"category","embeddable":true,"href":"https:\/\/www.bras-de-fer.fr\/blog\/wp-json\/wp\/v2\/categories?post=616"},{"taxonomy":"post_tag","embeddable":true,"href":"https:\/\/www.bras-de-fer.fr\/blog\/wp-json\/wp\/v2\/tags?post=616"}],"curies":[{"name":"wp","href":"https:\/\/api.w.org\/{rel}","templated":true}]}}