{"id":553,"date":"2024-07-09T06:18:55","date_gmt":"2024-07-09T04:18:55","guid":{"rendered":"https:\/\/www.bras-de-fer.fr\/blog\/serie-documentaire-des-freres-naudet-sur-les-jo-2024-diffusee-sur-france-2-film-officiel-en-janvier-2025\/"},"modified":"2024-10-05T16:04:28","modified_gmt":"2024-10-05T14:04:28","slug":"serie-documentaire-des-freres-naudet-sur-les-jo-2024-diffusee-sur-france-2-film-officiel-en-janvier-2025","status":"publish","type":"post","link":"https:\/\/www.bras-de-fer.fr\/blog\/serie-documentaire-des-freres-naudet-sur-les-jo-2024-diffusee-sur-france-2-film-officiel-en-janvier-2025\/","title":{"rendered":"S\u00e9rie documentaire des fr\u00e8res Naudet sur les JO 2024 diffus\u00e9e sur France 2, film officiel en janvier 2025"},"content":{"rendered":"<p><em>Les fr\u00e8res Naudet sont les r\u00e9alisateurs du film officiel d&rsquo;une dur\u00e9e de 90 minutes qui sera diffus\u00e9 sur France T\u00e9l\u00e9visions en janvier 2025.<\/em><\/p>\n<p>Les fr\u00e8res Naudet ont r\u00e9cemment d\u00e9voil\u00e9 leur s\u00e9rie documentaire sur les Jeux olympiques et paralympiques 2024 \u00e0 Paris, intitul\u00e9e \u00ab\u00a0Au c\u0153ur des Jeux\u00a0\u00bb. L&rsquo;objectif de cette s\u00e9rie est de filmer les coulisses de l&rsquo;\u00e9v\u00e9nement sportif en mettant l&rsquo;accent sur l&rsquo;humain et en montrant ce que l&rsquo;on ne voit jamais. Ils ont suivi pendant plus de trois mois la pr\u00e9paration des Jeux avec des anonymes, des sportifs et des membres de l&rsquo;organisation, dont Tony Estanguet.<\/p>\n<p>Dans une approche in\u00e9dite, les fr\u00e8res Naudet ont film\u00e9 divers moments, tels que l&rsquo;installation des anneaux olympiques sur la tour Eiffel, l&rsquo;inauguration d&rsquo;un bassin de stockage d&rsquo;eau de pluie \u00e0 Austerlitz, le relais de la flamme et un briefing de Tony Estanguet \u00e0 Florent Manaudou. Ces premi\u00e8res images ont d\u00e9voil\u00e9 des s\u00e9quences \u00e0 la fois amusantes, \u00e9mouvantes et spectaculaires.<\/p>\n<p>Apr\u00e8s avoir r\u00e9alis\u00e9 des documentaires sur des \u00e9v\u00e9nements tragiques tels que les attentats du 11 septembre 2001 et du 13 novembre 2015, les fr\u00e8res Naudet ont d\u00e9cid\u00e9 de changer de registre avec ce projet sur les Jeux olympiques, ax\u00e9 sur la c\u00e9l\u00e9bration de la vie.<\/p>\n<p>La s\u00e9rie \u00ab\u00a0Au c\u0153ur des Jeux\u00a0\u00bb sera diffus\u00e9e en deux parties, avec les deux premiers \u00e9pisodes en prime time, suivis d&rsquo;un documentaire sur la candidature de Paris pour les JO. Les \u00e9pisodes 3 et 4 reviendront sur le d\u00e9roulement des Jeux, et un film officiel de 90 minutes r\u00e9alis\u00e9 par les fr\u00e8res Naudet sera diffus\u00e9 en janvier 2025 par France T\u00e9l\u00e9visions.<\/p>\n<p>\n   Source de l&rsquo;article : Francetvinfo<\/p>\n","protected":false},"excerpt":{"rendered":"<p>Les fr\u00e8res Naudet sont les r\u00e9alisateurs du film officiel d&rsquo;une dur\u00e9e de 90 minutes qui sera diffus\u00e9 sur France T\u00e9l\u00e9visions en janvier 2025. Les fr\u00e8res Naudet ont r\u00e9cemment d\u00e9voil\u00e9 leur s\u00e9rie documentaire sur les Jeux olympiques et paralympiques 2024 \u00e0 Paris, intitul\u00e9e \u00ab\u00a0Au c\u0153ur des Jeux\u00a0\u00bb. L&rsquo;objectif de cette s\u00e9rie est de filmer les coulisses &#8230; <a title=\"S\u00e9rie documentaire des fr\u00e8res Naudet sur les JO 2024 diffus\u00e9e sur France 2, film officiel en janvier 2025\" class=\"read-more\" href=\"https:\/\/www.bras-de-fer.fr\/blog\/serie-documentaire-des-freres-naudet-sur-les-jo-2024-diffusee-sur-france-2-film-officiel-en-janvier-2025\/\" aria-label=\"En savoir plus sur S\u00e9rie documentaire des fr\u00e8res Naudet sur les JO 2024 diffus\u00e9e sur France 2, film officiel en janvier 2025\">Lire plus<\/a><\/p>\n","protected":false},"author":1,"featured_media":554,"comment_status":"open","ping_status":"open","sticky":false,"template":"","format":"standard","meta":{"footnotes":""},"categories":[375],"tags":[23,72,67,73,36,68,75,71,69,74,66,70],"class_list":["post-553","post","type-post","status-publish","format-standard","has-post-thumbnail","hentry","category-non-classe-fr","tag-des","tag-diffusee","tag-documentaire","tag-film","tag-france","tag-freres","tag-janvier","tag-les","tag-naudet","tag-officiel","tag-serie","tag-sur"],"views":152,"_links":{"self":[{"href":"https:\/\/www.bras-de-fer.fr\/blog\/wp-json\/wp\/v2\/posts\/553","targetHints":{"allow":["GET"]}}],"collection":[{"href":"https:\/\/www.bras-de-fer.fr\/blog\/wp-json\/wp\/v2\/posts"}],"about":[{"href":"https:\/\/www.bras-de-fer.fr\/blog\/wp-json\/wp\/v2\/types\/post"}],"author":[{"embeddable":true,"href":"https:\/\/www.bras-de-fer.fr\/blog\/wp-json\/wp\/v2\/users\/1"}],"replies":[{"embeddable":true,"href":"https:\/\/www.bras-de-fer.fr\/blog\/wp-json\/wp\/v2\/comments?post=553"}],"version-history":[{"count":0,"href":"https:\/\/www.bras-de-fer.fr\/blog\/wp-json\/wp\/v2\/posts\/553\/revisions"}],"wp:featuredmedia":[{"embeddable":true,"href":"https:\/\/www.bras-de-fer.fr\/blog\/wp-json\/wp\/v2\/media\/554"}],"wp:attachment":[{"href":"https:\/\/www.bras-de-fer.fr\/blog\/wp-json\/wp\/v2\/media?parent=553"}],"wp:term":[{"taxonomy":"category","embeddable":true,"href":"https:\/\/www.bras-de-fer.fr\/blog\/wp-json\/wp\/v2\/categories?post=553"},{"taxonomy":"post_tag","embeddable":true,"href":"https:\/\/www.bras-de-fer.fr\/blog\/wp-json\/wp\/v2\/tags?post=553"}],"curies":[{"name":"wp","href":"https:\/\/api.w.org\/{rel}","templated":true}]}}