{"id":5002,"date":"2026-01-05T09:48:04","date_gmt":"2026-01-05T08:48:04","guid":{"rendered":"https:\/\/www.bras-de-fer.fr\/blog\/?p=5002"},"modified":"2025-12-30T09:00:55","modified_gmt":"2025-12-30T08:00:55","slug":"bipolaire-comprendre-maladie","status":"publish","type":"post","link":"https:\/\/www.bras-de-fer.fr\/blog\/bipolaire-comprendre-maladie\/","title":{"rendered":"Choses \u00e0 ne pas dire \u00e0 un bipolaire pour mieux comprendre la maladie"},"content":{"rendered":"<p><strong>Comprendre ce qu\u2019il faut \u00e9viter de dire \u00e0 une personne bipolaire change tout.<\/strong> Les mots peuvent apaiser ou blesser, rapprocher ou creuser un foss\u00e9. Face \u00e0 un trouble souvent mal connu et entour\u00e9 de <strong>pr\u00e9jug\u00e9s<\/strong> et de <strong>stigmatisation<\/strong>, il est essentiel d\u2019adapter sa <strong>communication<\/strong> pour offrir un r\u00e9el <strong>soutien<\/strong>. Le trouble <strong>bipolaire<\/strong> touche environ <strong>2 %<\/strong> de la population mondiale et se traduit par des alternances d\u2019\u00e9pisodes maniaques et d\u00e9pressifs, avec une origine en grande partie neurobiologique. Minimiser la souffrance, confondre \u00e9tat et volont\u00e9, ou opposer des conseils simplistes peut amplifier la honte, isoler la personne et freiner l\u2019acc\u00e8s aux soins. Cet article propose des rep\u00e8res concrets : dix phrases \u00e0 \u00e9viter, des formulations alternatives, des gestes de soutien au quotidien et des ressources pratiques. Des t\u00e9moignages illustrent l\u2019impact des mots et montrent comment, par une \u00e9coute respectueuse et une sensibilit\u00e9 adapt\u00e9e, il est possible d\u2019accompagner sans juger. \u00c0 travers des exemples concrets et des conseils techniques, ce contenu aide \u00e0 mieux <strong>comprendre<\/strong> la maladie mentale et \u00e0 construire une relation bas\u00e9e sur le <strong>respect<\/strong> et l\u2019<strong>empathie<\/strong>, sans infantiliser ni exiger des changements impossibles du jour au lendemain.<\/p>\n\n<p><strong>En bref :<\/strong><\/p>\n\n<ul class=\"wp-block-list\"><li><strong>\u00c9vitez<\/strong> les phrases qui minimisent ou accusent ; elles isolent et renforcent la stigmatisation.<\/li><li><strong>Favorisez<\/strong> l\u2019\u00e9coute active et les questions ouvertes pour inviter au dialogue.<\/li><li><strong>Respectez<\/strong> la personne en distinguant l\u2019individu du trouble.<\/li><li><strong>Soutenez<\/strong> le suivi m\u00e9dical et la continuit\u00e9 des traitements sans juger.<\/li><li><strong>Informez-vous<\/strong> et orientez vers des ressources fiables en cas de crise.<\/li><\/ul>\n\n<h2 class=\"wp-block-heading\">Pourquoi certaines phrases blessent une personne bipolaire et comment mieux comprendre la maladie<\/h2>\n\n<p>Le trouble <strong>bipolaire<\/strong> est une <strong>maladie mentale<\/strong> avec des fondements biologiques : neurotransmetteurs, cycles de sommeil perturb\u00e9s et sensibilit\u00e9 neurochimique. Dire \u00e0 quelqu\u2019un que c\u2019est une simple question de volont\u00e9 revient \u00e0 nier ces m\u00e9canismes et \u00e0 ajouter une charge morale inutile.<\/p>\n\n<p>Les r\u00e9actions \u00e0 des propos stigmatisants vont de la perte d\u2019estime de soi au retrait social, en passant par l\u2019arr\u00eat des traitements. Comprendre ces effets aide \u00e0 mesurer l\u2019impact de la parole et \u00e0 privil\u00e9gier des \u00e9changes fond\u00e9s sur le <strong>respect<\/strong> et la <strong>sensibilit\u00e9<\/strong>.<\/p>\n\n<p>Fil conducteur : Lucie, professeure de 32 ans diagnostiqu\u00e9e il y a cinq ans, illustre comment une remarque banale peut d\u00e9clencher une d\u00e9tresse durable. Son exp\u00e9rience montre que la reconnaissance de la souffrance et la s\u00e9paration entre personne et diagnostic ouvrent la voie au partage.<\/p>\n\n<p>Insigh t cl\u00e9 : reconna\u00eetre la dimension neurobiologique et refuser les jugements moraux permet d\u2019\u00e9tablir une base de confiance.<\/p>\n\n<figure class=\"wp-block-image size-full\"><img decoding=\"async\" width=\"1344\" height=\"768\" src=\"https:\/\/www.bras-de-fer.fr\/blog\/wp-content\/uploads\/2025\/12\/Choses-a-ne-pas-dire-a-un-bipolaire-pour-mieux-comprendre-la-maladie-1.jpg\" alt=\"d\u00e9couvrez ce qu&#039;il ne faut pas dire \u00e0 une personne bipolaire pour mieux comprendre la maladie et offrir un soutien adapt\u00e9.\" class=\"wp-image-5001\" srcset=\"https:\/\/www.bras-de-fer.fr\/blog\/wp-content\/uploads\/2025\/12\/Choses-a-ne-pas-dire-a-un-bipolaire-pour-mieux-comprendre-la-maladie-1.jpg 1344w, https:\/\/www.bras-de-fer.fr\/blog\/wp-content\/uploads\/2025\/12\/Choses-a-ne-pas-dire-a-un-bipolaire-pour-mieux-comprendre-la-maladie-1-300x171.jpg 300w, https:\/\/www.bras-de-fer.fr\/blog\/wp-content\/uploads\/2025\/12\/Choses-a-ne-pas-dire-a-un-bipolaire-pour-mieux-comprendre-la-maladie-1-1024x585.jpg 1024w, https:\/\/www.bras-de-fer.fr\/blog\/wp-content\/uploads\/2025\/12\/Choses-a-ne-pas-dire-a-un-bipolaire-pour-mieux-comprendre-la-maladie-1-768x439.jpg 768w\" sizes=\"(max-width: 1344px) 100vw, 1344px\" \/><\/figure>\n\n<h2 class=\"wp-block-heading\">Les 10 phrases \u00e0 \u00e9viter absolument avec une personne bipolaire (et que dire \u00e0 la place)<\/h2>\n\n<ul class=\"wp-block-list\"><li>\n    <strong>\u00ab Ce n\u2019est qu\u2019une question de volont\u00e9. \u00bb<\/strong><br>\n    Pourquoi c\u2019est blessant : refuse la r\u00e9alit\u00e9 biologique du trouble et culpabilise.<br>\n    Dire plut\u00f4t : <strong>\u00ab Ce n\u2019est pas de ta faute, je suis l\u00e0 pour t\u2019aider si tu veux. \u00bb<\/strong>\n  <\/li><li>\n    <strong>\u00ab Tu es encore dans ta phase maniaque ? \u00bb<\/strong><br>\n    Pourquoi : r\u00e9duit la personne \u00e0 son \u00e9pisode et cr\u00e9e une atmosph\u00e8re d\u2019observation constante.<br>\n    Dire plut\u00f4t : <strong>\u00ab Comment te sens-tu en ce moment ? \u00bb<\/strong>\n  <\/li><li>\n    <strong>\u00ab Tout le monde est un peu bipolaire. \u00bb<\/strong><br>\n    Pourquoi : banalise la souffrance et efface la complexit\u00e9 m\u00e9dicale.<br>\n    Dire plut\u00f4t : <strong>\u00ab J\u2019imagine que c\u2019est diff\u00e9rent pour toi ; veux-tu m\u2019en parler ? \u00bb<\/strong>\n  <\/li><li>\n    <strong>\u00ab Au moins, tu n\u2019es pas fou. \u00bb<\/strong><br>\n    Pourquoi : entretient la <strong>stigmatisation<\/strong> envers les troubles mentaux.<br>\n    Dire plut\u00f4t : <strong>\u00ab Je veux te comprendre sans juger. \u00bb<\/strong>\n  <\/li><li>\n    <strong>\u00ab Tu devrais arr\u00eater tes m\u00e9dicaments, ils te changent. \u00bb<\/strong><br>\n    Pourquoi : dissuade d\u2019un traitement souvent essentiel et dangereux \u00e0 remettre en question sans avis m\u00e9dical.<br>\n    Dire plut\u00f4t : <strong>\u00ab Si tu veux, on peut en parler avec ton \u00e9quipe soignante. \u00bb<\/strong>\n  <\/li><li>\n    <strong>\u00ab Ressaisis-toi, pense positif. \u00bb<\/strong><br>\n    Pourquoi : minimise la d\u00e9pression et impose une strat\u00e9gie irr\u00e9aliste.<br>\n    Dire plut\u00f4t : <strong>\u00ab Je suis l\u00e0, m\u00eame si \u00e7a te semble impossible maintenant. Que puis\u2011je faire ? \u00bb<\/strong>\n  <\/li><li>\n    <strong>\u00ab Tu utilises ta maladie comme excuse. \u00bb<\/strong><br>\n    Pourquoi : g\u00e9n\u00e8re culpabilit\u00e9 et honte, obstacles au soin.<br>\n    Dire plut\u00f4t : <strong>\u00ab Tes difficult\u00e9s sont r\u00e9elles, parlons-en ensemble. \u00bb<\/strong>\n  <\/li><li>\n    <strong>\u00ab Tu as l\u2019air d\u2019aller bien pourtant. \u00bb<\/strong><br>\n    Pourquoi : ignore la dimension invisible des troubles et cr\u00e9e la pression de \u00ab para\u00eetre \u00bb. <br>\n    Dire plut\u00f4t : <strong>\u00ab Merci de me dire comment \u00e7a va vraiment. \u00bb<\/strong>\n  <\/li><li>\n    <strong>\u00ab C\u2019est juste dans ta t\u00eate. \u00bb<\/strong><br>\n    Pourquoi : r\u00e9duit la maladie \u00e0 quelque chose d\u2019imaginaire et d\u00e9motive la prise en charge.<br>\n    Dire plut\u00f4t : <strong>\u00ab Je sais que c\u2019est difficile ; veux-tu qu\u2019on cherche des infos ensemble ? \u00bb<\/strong>\n  <\/li><li>\n    <strong>\u00ab Tu devrais \u00eatre reconnaissant, certains ont de vrais probl\u00e8mes. \u00bb<\/strong><br>\n    Pourquoi : invalide la douleur et cr\u00e9e une hi\u00e9rarchie des souffrances.<br>\n    Dire plut\u00f4t : <strong>\u00ab Ta douleur compte, parlons de ce qui t\u2019aide. \u00bb<\/strong>\n  <\/li><\/ul>\n\n<p>Insight cl\u00e9 : remplacer le jugement par une phrase d\u2019ouverture favorise l\u2019\u00e9coute et r\u00e9duit la <strong>stigmatisation<\/strong>.<\/p>\n\n<h3 class=\"wp-block-heading\">Vid\u00e9o ressource \u2014 explication claire pour mieux comprendre le trouble<\/h3>\n\n<p>Cette vid\u00e9o propose une explication accessible du trouble <strong>bipolaire<\/strong> et des bonnes pratiques de <strong>communication<\/strong>. Elle aide \u00e0 <strong>comprendre<\/strong> les m\u00e9canismes et \u00e0 rep\u00e9rer les signes d\u2019alerte.<\/p>\n\n<h2 class=\"wp-block-heading\">Comment parler et agir au quotidien : gestes concrets pour offrir un soutien respectueux<\/h2>\n\n<p>L\u2019\u00e9coute active reste la pierre angulaire : questions ouvertes, reformulations, pauses et validation des \u00e9motions permettent de cr\u00e9er un espace s\u00fbr. \u00c9vitez les conseils non sollicit\u00e9s et les solutions simplistes.<\/p>\n\n<p>Quelques gestes concrets :<\/p>\n\n<ul class=\"wp-block-list\"><li>Poser une question ouverte : <strong>\u00ab Comment tu te sens aujourd\u2019hui ? \u00bb<\/strong><\/li><li>Proposer une aide cibl\u00e9e : <strong>\u00ab Veux-tu que je t\u2019accompagne chez ton m\u00e9decin ? \u00bb<\/strong><\/li><li>Respecter les limites : accepter un refus sans pression.<\/li><li>S\u2019informer ensemble sur la <strong>maladie mentale<\/strong> et sur les traitements possibles.<\/li><li>Prendre soin de sa propre sant\u00e9 mentale pour \u00e9viter l\u2019\u00e9puisement.<\/li><\/ul>\n\n<p>Insight cl\u00e9 : le soutien efficace combine <strong>empathie<\/strong>, information et respect des choix de la personne.<\/p>\n\n<h3 class=\"wp-block-heading\">Vid\u00e9o t\u00e9moignage \u2014 parole de proches et strat\u00e9gies d\u2019accompagnement<\/h3>\n\n<p>Un t\u00e9moignage peut montrer concr\u00e8tement ce qui aide ou blesse : humilit\u00e9, patience et volont\u00e9 d\u2019apprendre sont souvent cit\u00e9s comme des facteurs d\u00e9cisifs.<\/p>\n\n<h2 class=\"wp-block-heading\">Cas pratiques et retours d\u2019exp\u00e9rience : Lucie, Sarah et Marc<\/h2>\n\n<p>Sarah, diagnostiqu\u00e9e \u00e0 28 ans, raconte que la banalisation (\u00ab tout le monde a des hauts et des bas \u00bb) l\u2019a isol\u00e9e au moment o\u00f9 elle avait besoin d\u2019un accompagnement m\u00e9dical. Son t\u00e9moignage montre la diff\u00e9rence entre minimisation et reconnaissance.<\/p>\n\n<p>Marc, 35 ans, souligne que la phrase la plus aidante fut : <strong>\u00ab Je ne comprends pas tout, mais je veux apprendre. \u00bb<\/strong> Cette posture d\u2019humilit\u00e9 a ouvert le dialogue et permis un meilleur suivi.<\/p>\n\n<p>Lucie insiste sur le fait d\u2019\u00eatre vue \u00ab en entier \u00bb et non r\u00e9duite au diagnostic ; cela lui a rendu une part d\u2019autonomie et de dignit\u00e9.<\/p>\n\n<p>Insight cl\u00e9 : \u00e9couter sans pr\u00e9suppos\u00e9s favorise la confiance et l\u2019acc\u00e8s aux soins.<\/p>\n\n<h2 class=\"wp-block-heading\">Tableau pratique : phrases \u00e0 \u00e9viter vs. formulations bienveillantes<\/h2>\n\n<figure class=\"wp-block-table\"><table>\n<thead>\n<tr>\n<th>Phrase \u00e0 \u00e9viter<\/th>\n<th>Pourquoi c\u2019est probl\u00e9matique<\/th>\n<th>Dire plut\u00f4t<\/th>\n<\/tr>\n<\/thead>\n<tbody>\n<tr>\n<td><strong>\u00ab Ressaisis-toi \u00bb<\/strong><\/td>\n<td>Invalide l\u2019intensit\u00e9 de la souffrance et culpabilise.<\/td>\n<td><strong>\u00ab Je suis l\u00e0, que puis\u2011je faire maintenant ? \u00bb<\/strong><\/td>\n<\/tr>\n<tr>\n<td><strong>\u00ab C\u2019est dans ta t\u00eate \u00bb<\/strong><\/td>\n<td>Minimise la r\u00e9alit\u00e9 m\u00e9dicale du trouble.<\/td>\n<td><strong>\u00ab Tes sympt\u00f4mes sont r\u00e9els, on peut chercher du soutien ensemble. \u00bb<\/strong><\/td>\n<\/tr>\n<tr>\n<td><strong>\u00ab Arr\u00eate tes m\u00e9dicaments \u00bb<\/strong><\/td>\n<td>Peut entra\u00eener l\u2019arr\u00eat d\u2019un traitement n\u00e9cessaire.<\/td>\n<td><strong>\u00ab Parle-en \u00e0 ton psychiatre avant tout changement. \u00bb<\/strong><\/td>\n<\/tr>\n<tr>\n<td><strong>\u00ab Tu exag\u00e8res \u00bb<\/strong><\/td>\n<td>Efface les \u00e9motions et cr\u00e9e de la honte.<\/td>\n<td><strong>\u00ab Tes sentiments sont l\u00e9gitimes. \u00bb<\/strong><\/td>\n<\/tr>\n<tr>\n<td><strong>\u00ab Tu devrais \u00eatre reconnaissant \u00bb<\/strong><\/td>\n<td>Compare et invalide la douleur individuelle.<\/td>\n<td><strong>\u00ab Ce que tu vis compte. \u00bb<\/strong><\/td>\n<\/tr>\n<\/tbody>\n<\/table><\/figure>\n\n<p>Insight cl\u00e9 : une formulation simple et respectueuse a beaucoup plus d\u2019impact qu\u2019une tentative de \u00ab r\u00e9parer \u00bb imm\u00e9diatement.<\/p>\n\n<h2 class=\"wp-block-heading\">Ressources utiles et gestes d\u2019urgence \u00e0 conna\u00eetre<\/h2>\n\n<p>Plusieurs ressources peuvent guider les proches : l\u2019association <strong>France Troubles Bipolaires<\/strong> pour des guides et groupes de parole, les ouvrages de r\u00e9f\u00e9rence comme ceux du Dr Hantouche ou d\u2019Anne\u2011Marie Bouche, et les \u00e9quipes psychiatriques locales.<\/p>\n\n<p>Signes d\u2019urgence \u00e0 ne pas n\u00e9gliger : pens\u00e9es suicidaires, \u00e9pisode maniaque s\u00e9v\u00e8re avec danger pour soi ou autrui, arr\u00eat brutal du traitement. Dans ces cas, contacter les services d\u2019urgence, un psychiatre ou le 15\/112 selon le pays est n\u00e9cessaire.<\/p>\n\n<p>Actions imm\u00e9diates en cas de crise :<\/p>\n\n<ol class=\"wp-block-list\"><li>Restez calme et pr\u00e9sentez-vous comme une pr\u00e9sence s\u00fbre.<\/li><li>\u00c9coutez sans juger et posez une question directe sur la s\u00e9curit\u00e9 (\u00ab As\u2011tu des id\u00e9es suicidaires ? \u00bb).<\/li><li>Appelez les services d\u2019urgence ou une hotline sp\u00e9cialis\u00e9e si le risque est av\u00e9r\u00e9.<\/li><li>Proposez d\u2019accompagner la personne chez un professionnel.<\/li><li>Pensez \u00e0 votre propre soutien apr\u00e8s l\u2019\u00e9v\u00e9nement.<\/li><\/ol>\n\n<p>Insight cl\u00e9 : conna\u00eetre les signes et pr\u00e9parer un plan d\u2019action r\u00e9duit l\u2019anxi\u00e9t\u00e9 et peut sauver des vies.<\/p>\n\n<script type=\"application\/ld+json\">\n{\"@context\":\"https:\/\/schema.org\",\"@type\":\"FAQPage\",\"mainEntity\":[{\"@type\":\"Question\",\"name\":\"Comment aborder la question des mu00e9dicaments sans juger ?\",\"acceptedAnswer\":{\"@type\":\"Answer\",\"text\":\"Proposez du2019u00e9changer calmement et orientez vers le professionnel qui suit la personne. u00c9vitez les conseils mu00e9dicaux non sollicitu00e9s et offrez votre aide pour contacter un soignant si la personne le souhaite.\"}},{\"@type\":\"Question\",\"name\":\"Que dire quand on ne comprend pas ce que vit la personne ?\",\"acceptedAnswer\":{\"@type\":\"Answer\",\"text\":\"Admettez lu2019incompru00e9hension avec humilitu00e9 : u00ab Je ne comprends pas tout, mais je veux apprendre. u00bb Cette phrase ouvre souvent le dialogue sans pru00e9tendre savoir.\"}},{\"@type\":\"Question\",\"name\":\"Comment gu00e9rer ses propres u00e9motions en accompagnant un proche ?\",\"acceptedAnswer\":{\"@type\":\"Answer\",\"text\":\"Fixez des limites, cherchez du soutien aupru00e8s du2019un professionnel ou du2019un groupe de proches, et veillez u00e0 pru00e9server votre repos et vos activitu00e9s pour u00e9viter lu2019u00e9puisement.\"}},{\"@type\":\"Question\",\"name\":\"Quels livres ou ressources recommander pour mieux comprendre ?\",\"acceptedAnswer\":{\"@type\":\"Answer\",\"text\":\"Les guides spu00e9cialisu00e9s (ex. Dr Hantouche), les associations nationales comme France Troubles Bipolaires et des programmes de psychou00e9ducation offrent des informations fiables et des outils pratiques pour les familles.\"}}]}\n<\/script>\n<h3>Comment aborder la question des m\u00e9dicaments sans juger ?<\/h3>\n<p>Proposez d\u2019\u00e9changer calmement et orientez vers le professionnel qui suit la personne. \u00c9vitez les conseils m\u00e9dicaux non sollicit\u00e9s et offrez votre aide pour contacter un soignant si la personne le souhaite.<\/p>\n<h3>Que dire quand on ne comprend pas ce que vit la personne ?<\/h3>\n<p>Admettez l\u2019incompr\u00e9hension avec humilit\u00e9 : \u00ab Je ne comprends pas tout, mais je veux apprendre. \u00bb Cette phrase ouvre souvent le dialogue sans pr\u00e9tendre savoir.<\/p>\n<h3>Comment g\u00e9rer ses propres \u00e9motions en accompagnant un proche ?<\/h3>\n<p>Fixez des limites, cherchez du soutien aupr\u00e8s d\u2019un professionnel ou d\u2019un groupe de proches, et veillez \u00e0 pr\u00e9server votre repos et vos activit\u00e9s pour \u00e9viter l\u2019\u00e9puisement.<\/p>\n<h3>Quels livres ou ressources recommander pour mieux comprendre ?<\/h3>\n<p>Les guides sp\u00e9cialis\u00e9s (ex. Dr Hantouche), les associations nationales comme France Troubles Bipolaires et des programmes de psycho\u00e9ducation offrent des informations fiables et des outils pratiques pour les familles.<\/p>\n\n","protected":false},"excerpt":{"rendered":"<p>Comprendre ce qu\u2019il faut \u00e9viter de dire \u00e0 une personne bipolaire change tout. Les mots peuvent apaiser ou blesser, rapprocher ou creuser un foss\u00e9. Face \u00e0 un trouble souvent mal connu et entour\u00e9 de pr\u00e9jug\u00e9s et de stigmatisation, il est essentiel d\u2019adapter sa communication pour offrir un r\u00e9el soutien. Le trouble bipolaire touche environ 2 &#8230; <a title=\"Choses \u00e0 ne pas dire \u00e0 un bipolaire pour mieux comprendre la maladie\" class=\"read-more\" href=\"https:\/\/www.bras-de-fer.fr\/blog\/bipolaire-comprendre-maladie\/\" aria-label=\"En savoir plus sur Choses \u00e0 ne pas dire \u00e0 un bipolaire pour mieux comprendre la maladie\">Lire plus<\/a><\/p>\n","protected":false},"author":1,"featured_media":5000,"comment_status":"closed","ping_status":"closed","sticky":false,"template":"","format":"standard","meta":{"footnotes":""},"categories":[12],"tags":[],"class_list":["post-5002","post","type-post","status-publish","format-standard","has-post-thumbnail","hentry","category-minceur"],"views":15,"_links":{"self":[{"href":"https:\/\/www.bras-de-fer.fr\/blog\/wp-json\/wp\/v2\/posts\/5002","targetHints":{"allow":["GET"]}}],"collection":[{"href":"https:\/\/www.bras-de-fer.fr\/blog\/wp-json\/wp\/v2\/posts"}],"about":[{"href":"https:\/\/www.bras-de-fer.fr\/blog\/wp-json\/wp\/v2\/types\/post"}],"author":[{"embeddable":true,"href":"https:\/\/www.bras-de-fer.fr\/blog\/wp-json\/wp\/v2\/users\/1"}],"replies":[{"embeddable":true,"href":"https:\/\/www.bras-de-fer.fr\/blog\/wp-json\/wp\/v2\/comments?post=5002"}],"version-history":[{"count":1,"href":"https:\/\/www.bras-de-fer.fr\/blog\/wp-json\/wp\/v2\/posts\/5002\/revisions"}],"predecessor-version":[{"id":5009,"href":"https:\/\/www.bras-de-fer.fr\/blog\/wp-json\/wp\/v2\/posts\/5002\/revisions\/5009"}],"wp:featuredmedia":[{"embeddable":true,"href":"https:\/\/www.bras-de-fer.fr\/blog\/wp-json\/wp\/v2\/media\/5000"}],"wp:attachment":[{"href":"https:\/\/www.bras-de-fer.fr\/blog\/wp-json\/wp\/v2\/media?parent=5002"}],"wp:term":[{"taxonomy":"category","embeddable":true,"href":"https:\/\/www.bras-de-fer.fr\/blog\/wp-json\/wp\/v2\/categories?post=5002"},{"taxonomy":"post_tag","embeddable":true,"href":"https:\/\/www.bras-de-fer.fr\/blog\/wp-json\/wp\/v2\/tags?post=5002"}],"curies":[{"name":"wp","href":"https:\/\/api.w.org\/{rel}","templated":true}]}}