{"id":4964,"date":"2026-01-01T07:33:45","date_gmt":"2026-01-01T06:33:45","guid":{"rendered":"https:\/\/www.bras-de-fer.fr\/blog\/?p=4964"},"modified":"2025-12-28T10:07:18","modified_gmt":"2025-12-28T09:07:18","slug":"hernie-foraminale-douleur","status":"publish","type":"post","link":"https:\/\/www.bras-de-fer.fr\/blog\/hernie-foraminale-douleur\/","title":{"rendered":"Vivre avec une hernie foraminale : conseils et solutions pour mieux g\u00e9rer la douleur"},"content":{"rendered":"<p>Vivre avec une <strong>hernie foraminale<\/strong> transforme parfois des gestes anodins en sources d\u2019inconfort majeur. La compression d\u2019une racine nerveuse provoque une <strong>douleur nerveuse<\/strong> souvent localis\u00e9e dans le bas du dos et irradiant le long du nerf, autrement dit une <strong>sciatique<\/strong>. Ce texte propose des pistes concr\u00e8tes pour mieux g\u00e9rer la douleur, pr\u00e9server la mobilit\u00e9 et d\u00e9cider des traitements possibles, du repos actif aux interventions chirurgicales. Il s\u2019appuie sur une approche pratique : compr\u00e9hension des m\u00e9canismes, interventions non chirurgicales prioritaires (m\u00e9dicaments, <strong>kin\u00e9sith\u00e9rapie<\/strong>, <strong>exercices adapt\u00e9s<\/strong>), am\u00e9nagement du quotidien et crit\u00e8res pour envisager la <strong>chirurgie hernie<\/strong>. Tout au long du parcours, l\u2019objectif est d\u2019\u00e9quilibrer activit\u00e9 et protection pour limiter les rechutes tout en maintenant une vie satisfaisante. Un fil conducteur (Marc, coach amateur confront\u00e9 \u00e0 une hernie foraminale apr\u00e8s un faux mouvement) illustre les \u00e9tapes de d\u00e9cision, les adaptations techniques et les r\u00e9sultats concrets obtenus gr\u00e2ce \u00e0 une prise en charge progressive. Ce guide s\u2019adresse \u00e0 toute personne souhaitant comprendre ses options de <strong>traitement douleur<\/strong> et construire une strat\u00e9gie r\u00e9aliste, en dialogue avec les professionnels de sant\u00e9.<\/p>\n\n<p><strong>En bref<\/strong><\/p>\n\n<ul class=\"wp-block-list\"><li><strong>Hernie foraminale<\/strong> : saillie discale au niveau du foramen, comprime la racine nerveuse et provoque souvent une <strong>sciatique<\/strong>.<\/li><li>Prioriser les solutions conservatrices : repos actif, <strong>kin\u00e9sith\u00e9rapie<\/strong>, <strong>anti-inflammatoires<\/strong> si prescrits et <strong>exercices adapt\u00e9s<\/strong>.<\/li><li>Adapter le poste de travail et la <strong>posture<\/strong> pour r\u00e9duire les pouss\u00e9es douloureuses.<\/li><li>La <strong>chirurgie hernie<\/strong> (discectomie endoscopique, laminectomie, arthrod\u00e8se) est r\u00e9serv\u00e9e aux cas persistants ou avec signe neurologique majeur.<\/li><li>La <strong>gestion douleur<\/strong> repose aussi sur le soutien social, la relaxation et une hygi\u00e8ne de vie anti-inflammatoire.<\/li><\/ul>\n\n<h2 class=\"wp-block-heading\">Comprendre la hernie foraminale : m\u00e9canismes, causes et sympt\u00f4mes<\/h2>\n\n<p>La <strong>hernie foraminale<\/strong> correspond \u00e0 une protrusion discale qui d\u00e9borde dans le foramen intervert\u00e9bral, l\u2019ouverture par laquelle sort la racine nerveuse. Cette localisation explique la nature souvent localis\u00e9e et intense de la <strong>douleur nerveuse<\/strong>.<\/p>\n\n<p>Les causes sont principalement li\u00e9es \u00e0 la d\u00e9g\u00e9n\u00e9rescence discale li\u00e9e \u00e0 l\u2019\u00e2ge, aux gestes r\u00e9p\u00e9titifs, aux traumatismes et \u00e0 une <strong>posture<\/strong> maintenue ou inadapt\u00e9e. Les sympt\u00f4mes typiques incluent lombalgie, irradiation en <strong>sciatique<\/strong>, picotements, engourdissements et parfois faiblesse musculaire.<\/p>\n\n<p>Exemple concret : Marc, 48 ans, entra\u00eeneur amateur, a ressenti apr\u00e8s un faux mouvement une douleur irradiant vers la cuisse ; l\u2019IRM a montr\u00e9 une hernie foraminale compressive. Cette observation a orient\u00e9 une premi\u00e8re prise en charge conservatrice.<\/p>\n\n<p><strong>Insight :<\/strong> comprendre o\u00f9 et comment la racine nerveuse est comprim\u00e9e permet de choisir des gestes et exercices qui soulagent plut\u00f4t que d\u2019aggraver la situation.<\/p>\n\n<figure class=\"wp-block-image size-full\"><img decoding=\"async\" width=\"1344\" height=\"768\" src=\"https:\/\/www.bras-de-fer.fr\/blog\/wp-content\/uploads\/2025\/12\/Vivre-avec-une-hernie-foraminale-conseils-et-solutions-pour-mieux-gerer-la-douleur-1.jpg\" alt=\"d\u00e9couvrez des conseils pratiques et des solutions efficaces pour mieux vivre avec une hernie foraminale et g\u00e9rer la douleur au quotidien.\" class=\"wp-image-4963\" srcset=\"https:\/\/www.bras-de-fer.fr\/blog\/wp-content\/uploads\/2025\/12\/Vivre-avec-une-hernie-foraminale-conseils-et-solutions-pour-mieux-gerer-la-douleur-1.jpg 1344w, https:\/\/www.bras-de-fer.fr\/blog\/wp-content\/uploads\/2025\/12\/Vivre-avec-une-hernie-foraminale-conseils-et-solutions-pour-mieux-gerer-la-douleur-1-300x171.jpg 300w, https:\/\/www.bras-de-fer.fr\/blog\/wp-content\/uploads\/2025\/12\/Vivre-avec-une-hernie-foraminale-conseils-et-solutions-pour-mieux-gerer-la-douleur-1-1024x585.jpg 1024w, https:\/\/www.bras-de-fer.fr\/blog\/wp-content\/uploads\/2025\/12\/Vivre-avec-une-hernie-foraminale-conseils-et-solutions-pour-mieux-gerer-la-douleur-1-768x439.jpg 768w\" sizes=\"(max-width: 1344px) 100vw, 1344px\" \/><\/figure>\n\n<h2 class=\"wp-block-heading\">Diagnostic pr\u00e9cis : comment identifier une hernie foraminale<\/h2>\n\n<p>Le diagnostic repose sur l\u2019examen clinique (mobilit\u00e9, r\u00e9flexes, force, sensations) compl\u00e9t\u00e9 par des examens d\u2019imagerie. L\u2019<strong>IRM<\/strong> est la m\u00e9thode de choix pour visualiser la hernie et la racine comprim\u00e9e. Le scanner aide \u00e0 appr\u00e9cier l\u2019anatomie osseuse du foramen, et l\u2019EMG peut confirmer une <strong>atteinte nerveuse<\/strong>.<\/p>\n\n<h3 class=\"wp-block-heading\">Examens utiles et leur r\u00f4le<\/h3>\n\n<ul class=\"wp-block-list\"><li><strong>IRM<\/strong> : visualisation des tissus mous et localisation pr\u00e9cise de la hernie.<\/li><li>Scanner : \u00e9value la structure osseuse et l\u2019\u00e9troitesse foraminale.<\/li><li>EMG : quantifie la souffrance nerveuse et oriente la prise en charge.<\/li><\/ul>\n\n<p><strong>Insight :<\/strong> un bilan complet \u00e9vite les erreurs de diagnostic et oriente vers le <strong>traitement douleur<\/strong> le plus adapt\u00e9.<\/p>\n\n<h2 class=\"wp-block-heading\">Approches non chirurgicales : prioriser la r\u00e9\u00e9ducation et la gestion active<\/h2>\n\n<p>La plupart des patients b\u00e9n\u00e9ficient d\u2019un parcours conservateur. L\u2019objectif est de r\u00e9duire l\u2019inflammation, restaurer la fonction et renforcer les muscles stabilisateurs pour diminuer la pression sur le foramen.<\/p>\n\n<h3 class=\"wp-block-heading\">\u00c9l\u00e9ments cl\u00e9s du traitement conservateur<\/h3>\n\n<figure class=\"wp-block-table\"><table>\n<thead>\n<tr>\n<th>Solution<\/th>\n<th>Objectif<\/th>\n<th>Indication typique<\/th>\n<\/tr>\n<\/thead>\n<tbody>\n<tr>\n<td><strong>Kin\u00e9sith\u00e9rapie<\/strong><\/td>\n<td>Renforcement, correction posturale<\/td>\n<td>Douleur mod\u00e9r\u00e9e, d\u00e9s\u00e9quilibre musculaire<\/td>\n<\/tr>\n<tr>\n<td><strong>Anti-inflammatoires<\/strong><\/td>\n<td>R\u00e9duire inflammation et douleur<\/td>\n<td>Phase aigu\u00eb, sous contr\u00f4le m\u00e9dical<\/td>\n<\/tr>\n<tr>\n<td>Chaleur &amp; massages<\/td>\n<td>D\u00e9tendre les muscles, circulation<\/td>\n<td>Tensions musculaires secondaires<\/td>\n<\/tr>\n<tr>\n<td>Infiltrations (cortico\u00efdes)<\/td>\n<td>Action locale sur l\u2019inflammation<\/td>\n<td>Douleur rebelle malgr\u00e9 traitement oral<\/td>\n<\/tr>\n<\/tbody>\n<\/table><\/figure>\n\n<p>La <strong>kin\u00e9sith\u00e9rapie<\/strong> inclut des programmes de renforcement du tronc, des \u00e9tirements pour les ischio-jambiers et des techniques d\u2019\u00e9ducation posturale. Les <strong>anti-inflammatoires<\/strong> soulagent rapidement mais doivent \u00eatre utilis\u00e9s de fa\u00e7on limit\u00e9e et sous surveillance m\u00e9dicale.<\/p>\n\n<ul class=\"wp-block-list\"><li>Programmer des micro-pauses toutes les 20\u201330 minutes au travail.<\/li><li>Int\u00e9grer <strong>exercices adapt\u00e9s<\/strong> au rythme de la douleur et \u00e0 la progression clinique.<\/li><li>Utiliser un coussin lombaire et ajuster la hauteur du si\u00e8ge pour pr\u00e9server la courbure naturelle.<\/li><\/ul>\n\n<p><strong>Insight :<\/strong> la combinaison d\u2019un protocole de kin\u00e9sith\u00e9rapie et d\u2019une hygi\u00e8ne de vie cibl\u00e9e permet souvent une baisse significative de la <strong>gestion douleur<\/strong> sans recourir imm\u00e9diatement \u00e0 la chirurgie.<\/p>\n\n<h2 class=\"wp-block-heading\">Quand consid\u00e9rer la chirurgie hernie : crit\u00e8res et options<\/h2>\n\n<p>La <strong>chirurgie hernie<\/strong> est envisag\u00e9e si la douleur reste invalidante malgr\u00e9 un traitement conservateur bien conduit, ou si une d\u00e9ficience neurologique progressive appara\u00eet (faiblesse, troubles sphinct\u00e9riens). Le choix de la technique d\u00e9pend de l\u2019anatomie, de l\u2019\u00e2ge, du niveau d\u2019activit\u00e9 et des objectifs fonctionnels.<\/p>\n\n<h3 class=\"wp-block-heading\">Techniques chirurgicales courantes<\/h3>\n\n<ul class=\"wp-block-list\"><li><strong>Discectomie endoscopique<\/strong> : intervention cibl\u00e9e, moins invasive, bonne r\u00e9cup\u00e9ration.<\/li><li><strong>Laminectomie<\/strong> : retrait d\u2019une portion osseuse pour d\u00e9comprimer la racine.<\/li><li><strong>Arthrod\u00e8se<\/strong> : fusion vert\u00e9brale en cas de d\u00e9g\u00e9n\u00e9rescence avanc\u00e9e.<\/li><\/ul>\n\n<p>Apr\u00e8s l\u2019intervention, la r\u00e9\u00e9ducation est essentielle pour restaurer la mobilit\u00e9 et pr\u00e9venir les r\u00e9cidives. Les b\u00e9n\u00e9fices potentiels doivent \u00eatre mis en balance avec les risques op\u00e9ratoires et le temps de r\u00e9cup\u00e9ration.<\/p>\n\n<p><strong>Insight :<\/strong> la d\u00e9cision chirurgicale d\u00e9coule d\u2019un bilan multidisciplinaire et d\u2019un dialogue clair entre patient et \u00e9quipe soignante.<\/p>\n\n<h2 class=\"wp-block-heading\">Adapter son quotidien : posture, gestes et mobilit\u00e9 positive<\/h2>\n\n<p>Une fois le diagnostic pos\u00e9, l\u2019adaptation de l\u2019environnement et des habitudes devient concr\u00e8te. Il s\u2019agit de r\u00e9duire les contraintes m\u00e9caniques tout en maintenant une activit\u00e9 utile pour la sant\u00e9 globale.<\/p>\n\n<h3 class=\"wp-block-heading\">Actions pratiques et routine recommand\u00e9e<\/h3>\n\n<ol class=\"wp-block-list\"><li>Am\u00e9nager le poste de travail : chaise avec support lombaire, \u00e9cran \u00e0 hauteur des yeux.<\/li><li>Matelas et position de sommeil : soutien homog\u00e8ne et oreiller ajust\u00e9 pour pr\u00e9server l\u2019alignement.<\/li><li>Levage s\u00e9curis\u00e9 : fl\u00e9chir les genoux, rapprocher la charge du corps, \u00e9viter les torsions brusques.<\/li><li>Int\u00e9grer quotidiennes courtes sessions d\u2019\u00e9tirements et de renforcement (<strong>exercices adapt\u00e9s<\/strong>) guid\u00e9s par un kin\u00e9sith\u00e9rapeute.<\/li><li>Privil\u00e9gier une alimentation anti-inflammatoire et la gestion du poids pour all\u00e9ger la colonne.<\/li><\/ol>\n\n<p>Un exemple de routine matinale : 5 minutes d\u2019\u00e9chauffement doux, 10 minutes d\u2019exercices de gainage adapt\u00e9s, puis \u00e9tirements des ischio-jambiers. Marc a constat\u00e9, apr\u00e8s six semaines, une r\u00e9duction de la douleur et une reprise progressive de ses activit\u00e9s sportives.<\/p>\n\n<p><strong>Insight :<\/strong> l\u2019\u00e9quilibre entre protection et mouvement progresse par des gestes r\u00e9p\u00e9t\u00e9s et des ajustements concrets du quotidien.<\/p>\n\n<h2 class=\"wp-block-heading\">Soutien \u00e9motionnel, pr\u00e9vention et maintien \u00e0 long terme<\/h2>\n\n<p>La <strong>gestion douleur<\/strong> n\u2019est pas que m\u00e9canique : le stress et l\u2019isolement aggravent la perception de la douleur. Techniques de respiration, pleine conscience et r\u00e9seau social jouent un r\u00f4le r\u00e9el dans la r\u00e9silience.<\/p>\n\n<p>Pr\u00e9venir la r\u00e9cidive implique une routine d\u2019exercices r\u00e9guli\u00e8re, le maintien d\u2019un poids sain et l\u2019attention \u00e0 la <strong>posture<\/strong>. Des bilans r\u00e9guliers avec le kin\u00e9sith\u00e9rapeute et le m\u00e9decin permettent d\u2019ajuster le plan d\u2019action.<\/p>\n\n<p><strong>Insight :<\/strong> la pr\u00e9vention durable s\u2019appuie sur la constance plut\u00f4t que sur des solutions ponctuelles.<\/p>\n\n<script type=\"application\/ld+json\">\n{\"@context\":\"https:\/\/schema.org\",\"@type\":\"FAQPage\",\"mainEntity\":[{\"@type\":\"Question\",\"name\":\"La hernie foraminale peut-elle su2019amu00e9liorer sans chirurgieu202f?\",\"acceptedAnswer\":{\"@type\":\"Answer\",\"text\":\"Oui. Beaucoup de cas u00e9voluent favorablement avec un traitement conservateur : repos actif, kinu00e9sithu00e9rapie, anti-inflammatoires prescrits et exercices adaptu00e9s. Lu2019objectif est de ru00e9duire la douleur et de restaurer la fonction plutu00f4t que du2019u00e9radiquer la hernie elle-mu00eame.\"}},{\"@type\":\"Question\",\"name\":\"Quels signes exigent une consultation urgenteu202f?\",\"acceptedAnswer\":{\"@type\":\"Answer\",\"text\":\"Une faiblesse marquu00e9e du2019une jambe, une perte de contru00f4le urinaire ou fu00e9cal, ou une aggravation rapide de la sensibilitu00e9 nu00e9cessitent une u00e9valuation mu00e9dicale immu00e9diate car ils peuvent indiquer une compression nerveuse su00e9vu00e8re.\"}},{\"@type\":\"Question\",\"name\":\"Comment intu00e9grer la kinu00e9sithu00e9rapie au quotidienu202f?\",\"acceptedAnswer\":{\"@type\":\"Answer\",\"text\":\"Commencez par un bilan ru00e9alisu00e9 par un kinu00e9sithu00e9rapeute qui proposera un programme progressif de renforcement du tronc, des u00e9tirements et des conseils ergonomiques. La ru00e9gularitu00e9 (quelques sessions par semaine puis entretien) est la clu00e9.\"}},{\"@type\":\"Question\",\"name\":\"Les anti-inflammatoires sont-ils indispensablesu202f?\",\"acceptedAnswer\":{\"@type\":\"Answer\",\"text\":\"Ils constituent une option efficace en phase aiguu00eb pour ru00e9duire lu2019inflammation et la douleur nerveuse, mais leur usage doit u00eatre limitu00e9 dans le temps et prescrit par un professionnel en raison du2019effets indu00e9sirables potentiels.\"}}]}\n<\/script>\n<h3>La hernie foraminale peut-elle s\u2019am\u00e9liorer sans chirurgie\u202f?<\/h3>\n<p>Oui. Beaucoup de cas \u00e9voluent favorablement avec un traitement conservateur : repos actif, kin\u00e9sith\u00e9rapie, anti-inflammatoires prescrits et exercices adapt\u00e9s. L\u2019objectif est de r\u00e9duire la douleur et de restaurer la fonction plut\u00f4t que d\u2019\u00e9radiquer la hernie elle-m\u00eame.<\/p>\n<h3>Quels signes exigent une consultation urgente\u202f?<\/h3>\n<p>Une faiblesse marqu\u00e9e d\u2019une jambe, une perte de contr\u00f4le urinaire ou f\u00e9cal, ou une aggravation rapide de la sensibilit\u00e9 n\u00e9cessitent une \u00e9valuation m\u00e9dicale imm\u00e9diate car ils peuvent indiquer une compression nerveuse s\u00e9v\u00e8re.<\/p>\n<h3>Comment int\u00e9grer la kin\u00e9sith\u00e9rapie au quotidien\u202f?<\/h3>\n<p>Commencez par un bilan r\u00e9alis\u00e9 par un kin\u00e9sith\u00e9rapeute qui proposera un programme progressif de renforcement du tronc, des \u00e9tirements et des conseils ergonomiques. La r\u00e9gularit\u00e9 (quelques sessions par semaine puis entretien) est la cl\u00e9.<\/p>\n<h3>Les anti-inflammatoires sont-ils indispensables\u202f?<\/h3>\n<p>Ils constituent une option efficace en phase aigu\u00eb pour r\u00e9duire l\u2019inflammation et la douleur nerveuse, mais leur usage doit \u00eatre limit\u00e9 dans le temps et prescrit par un professionnel en raison d\u2019effets ind\u00e9sirables potentiels.<\/p>\n\n","protected":false},"excerpt":{"rendered":"<p>Vivre avec une hernie foraminale transforme parfois des gestes anodins en sources d\u2019inconfort majeur. La compression d\u2019une racine nerveuse provoque une douleur nerveuse souvent localis\u00e9e dans le bas du dos et irradiant le long du nerf, autrement dit une sciatique. Ce texte propose des pistes concr\u00e8tes pour mieux g\u00e9rer la douleur, pr\u00e9server la mobilit\u00e9 et &#8230; <a title=\"Vivre avec une hernie foraminale : conseils et solutions pour mieux g\u00e9rer la douleur\" class=\"read-more\" href=\"https:\/\/www.bras-de-fer.fr\/blog\/hernie-foraminale-douleur\/\" aria-label=\"En savoir plus sur Vivre avec une hernie foraminale : conseils et solutions pour mieux g\u00e9rer la douleur\">Lire plus<\/a><\/p>\n","protected":false},"author":1,"featured_media":4962,"comment_status":"closed","ping_status":"closed","sticky":false,"template":"","format":"standard","meta":{"footnotes":""},"categories":[2387,12],"tags":[],"class_list":["post-4964","post","type-post","status-publish","format-standard","has-post-thumbnail","hentry","category-lifestyle-vie-pratique","category-minceur"],"views":8,"_links":{"self":[{"href":"https:\/\/www.bras-de-fer.fr\/blog\/wp-json\/wp\/v2\/posts\/4964","targetHints":{"allow":["GET"]}}],"collection":[{"href":"https:\/\/www.bras-de-fer.fr\/blog\/wp-json\/wp\/v2\/posts"}],"about":[{"href":"https:\/\/www.bras-de-fer.fr\/blog\/wp-json\/wp\/v2\/types\/post"}],"author":[{"embeddable":true,"href":"https:\/\/www.bras-de-fer.fr\/blog\/wp-json\/wp\/v2\/users\/1"}],"replies":[{"embeddable":true,"href":"https:\/\/www.bras-de-fer.fr\/blog\/wp-json\/wp\/v2\/comments?post=4964"}],"version-history":[{"count":1,"href":"https:\/\/www.bras-de-fer.fr\/blog\/wp-json\/wp\/v2\/posts\/4964\/revisions"}],"predecessor-version":[{"id":4998,"href":"https:\/\/www.bras-de-fer.fr\/blog\/wp-json\/wp\/v2\/posts\/4964\/revisions\/4998"}],"wp:featuredmedia":[{"embeddable":true,"href":"https:\/\/www.bras-de-fer.fr\/blog\/wp-json\/wp\/v2\/media\/4962"}],"wp:attachment":[{"href":"https:\/\/www.bras-de-fer.fr\/blog\/wp-json\/wp\/v2\/media?parent=4964"}],"wp:term":[{"taxonomy":"category","embeddable":true,"href":"https:\/\/www.bras-de-fer.fr\/blog\/wp-json\/wp\/v2\/categories?post=4964"},{"taxonomy":"post_tag","embeddable":true,"href":"https:\/\/www.bras-de-fer.fr\/blog\/wp-json\/wp\/v2\/tags?post=4964"}],"curies":[{"name":"wp","href":"https:\/\/api.w.org\/{rel}","templated":true}]}}