{"id":4867,"date":"2025-11-28T14:34:40","date_gmt":"2025-11-28T13:34:40","guid":{"rendered":"https:\/\/www.bras-de-fer.fr\/blog\/?p=4867"},"modified":"2025-11-28T14:35:30","modified_gmt":"2025-11-28T13:35:30","slug":"pullman-toulouse-centre-ramblas","status":"publish","type":"post","link":"https:\/\/www.bras-de-fer.fr\/blog\/pullman-toulouse-centre-ramblas\/","title":{"rendered":"Pullman Toulouse Centre Ramblas : ce qu&rsquo;il faut savoir"},"content":{"rendered":"\n<p>L\u2019essentiel \u00e0 retenir : le <strong>Pullman devient le FirstName Toulouse<\/strong> apr\u00e8s une r\u00e9novation int\u00e9grale, avec une <strong>r\u00e9ouverture pr\u00e9vue en 2025<\/strong>. Actuellement ferm\u00e9, l\u2019h\u00f4tel est en pleine transformation sous l\u2019enseigne JdV by Hyatt. Ses 125 chambres, ses espaces et son identit\u00e9 sont enti\u00e8rement r\u00e9invent\u00e9s pour offrir une exp\u00e9rience beaucoup plus moderne en plein c\u0153ur des Ramblas.<\/p>\n\n\n\n<p>Tu essayes de r\u00e9server une chambre au pullman toulouse centre ramblas et tu tombes sur un h\u00f4tel introuvable ? Rien d\u2019\u00e9tonnant : l\u2019\u00e9tablissement vit une <strong>reconstruction totale<\/strong> pour rena\u00eetre sous le nom de <strong>FirstName Toulouse<\/strong>. Voici tout ce qu\u2019il faut conna\u00eetre sur cette transition et pourquoi la future ouverture attire d\u00e9j\u00e0 toutes les attentions.<\/p>\n\n\n\n<ol class=\"wp-block-list\">\n<li><a href=\"#metamorphose-pullman-vers-firstname\">Le Pullman Toulouse Centre Ramblas se transforme : ce qui change<\/a><\/li>\n\n\n\n<li><a href=\"#atout-emplacement\">Un emplacement qui reste imbattable<\/a><\/li>\n\n\n\n<li><a href=\"#experience-interieure\">Ce que promet l\u2019exp\u00e9rience int\u00e9rieure<\/a><\/li>\n\n\n\n<li><a href=\"#professionnels\">Une adresse strat\u00e9gique pour les pros<\/a><\/li>\n\n\n\n<li><a href=\"#ville-rose\">Le meilleur de Toulouse aux portes de l\u2019h\u00f4tel<\/a><\/li>\n<\/ol>\n\n\n\n<h2 class=\"wp-block-heading\" id=\"metamorphose-pullman-vers-firstname\">Le Pullman Toulouse Centre Ramblas se transforme : ce qui change<\/h2>\n\n\n\n<h3 class=\"wp-block-heading\">Un changement d\u2019identit\u00e9 complet<\/h3>\n\n\n\n<p>Si tu cherches le Pullman, oublie ce nom : l\u2019h\u00f4tel va rouvrir sous une <strong>toute nouvelle identit\u00e9, FirstName Toulouse<\/strong>. Ce n\u2019est pas une simple \u00e9volution, mais une refonte pilot\u00e9e par le groupe Alboran, int\u00e9grant d\u00e9sormais la collection <strong>JdV by Hyatt<\/strong>.<\/p>\n\n\n\n<p>Cette transformation vise \u00e0 casser les codes du style h\u00f4telier classique pour proposer une <strong>exp\u00e9rience plus contemporaine, plus locale et plus immersive<\/strong>.<\/p>\n\n\n\n<h3 class=\"wp-block-heading\">L\u2019h\u00f4tel est-il ouvert actuellement ?<\/h3>\n\n\n\n<p>La r\u00e9ponse est simple : <strong>non<\/strong>. L\u2019\u00e9tablissement est totalement ferm\u00e9 depuis les travaux entam\u00e9s en mai 2024.<\/p>\n\n\n\n<p>Aucune r\u00e9servation possible avant sa <strong>r\u00e9ouverture pr\u00e9vue courant 2025<\/strong>. Inutile de chercher une date avant : rien ne s\u2019affichera.<\/p>\n\n\n\n<h3 class=\"wp-block-heading\">Ce que la r\u00e9novation va vraiment changer<\/h3>\n\n\n\n<p>Pour te donner une id\u00e9e pr\u00e9cise de l\u2019ampleur du projet, voici un aper\u00e7u clair du avant \/ apr\u00e8s :<\/p>\n\n\n\n<div style=\"overflow:auto;max-width:100%\">\n<table>\n<caption>Transformation du Pullman vers FirstName Toulouse<\/caption>\n<thead>\n<tr>\n<th>\u00c9l\u00e9ment<\/th>\n<th>Avant (Pullman)<\/th>\n<th>Apr\u00e8s (FirstName Toulouse)<\/th>\n<\/tr>\n<\/thead>\n<tbody>\n<tr>\n<td>Nom<\/td>\n<td>Pullman Toulouse Centre Ramblas<\/td>\n<td>FirstName Toulouse<\/td>\n<\/tr>\n<tr>\n<td>Groupe<\/td>\n<td>Accor<\/td>\n<td>JdV by Hyatt<\/td>\n<\/tr>\n<tr>\n<td>Style<\/td>\n<td>H\u00f4tellerie premium traditionnelle<\/td>\n<td>Ambiance contemporaine, cr\u00e9ative et locale<\/td>\n<\/tr>\n<tr>\n<td>Statut<\/td>\n<td>Ferm\u00e9<\/td>\n<td>R\u00e9ouverture pr\u00e9vue en 2025<\/td>\n<\/tr>\n<\/tbody>\n<\/table>\n<\/div>\n\n\n\n<p>Cette transformation ne se limite pas au design : elle red\u00e9finit <strong>l\u2019esprit et l\u2019exp\u00e9rience client<\/strong>, pour un h\u00f4tel plus vivant et plus ancr\u00e9 dans l\u2019\u00e9nergie toulousaine.<\/p>\n\n\n\n<h2 class=\"wp-block-heading\" id=\"atout-emplacement\">Un emplacement qui reste imbattable<\/h2>\n\n\n\n<h3 class=\"wp-block-heading\" id=\"coeur-ramblas\">Au c\u0153ur des Ramblas Jean-Jaur\u00e8s<\/h3>\n\n\n\n<p>Situ\u00e9 au 84 all\u00e9es Jean-Jaur\u00e8s, l\u2019h\u00f4tel b\u00e9n\u00e9ficie d\u2019un emplacement unique sur les <strong>nouvelles Ramblas de Toulouse<\/strong>, une promenade embl\u00e9matique qui relie directement la gare au centre-ville.<\/p>\n\n\n\n<p>Un point strat\u00e9gique id\u00e9al pour profiter d\u2019un environnement moderne, a\u00e9r\u00e9 et dynamique.<\/p>\n\n\n\n<h3 class=\"wp-block-heading\" id=\"proximite-sites\">Proche de tout ce qui compte<\/h3>\n\n\n\n<p>Depuis ce spot, tout est accessible \u00e0 pied :<\/p>\n\n\n\n<ul class=\"wp-block-list\">\n<li><strong>Gare Matabiau<\/strong> : juste \u00e0 c\u00f4t\u00e9<\/li>\n\n\n\n<li><strong>Place du Capitole<\/strong> : 10 minutes de marche<\/li>\n\n\n\n<li><strong>Berges de la Garonne<\/strong> : accessibles en quelques minutes<\/li>\n<\/ul>\n\n\n\n<blockquote class=\"wp-block-quote is-layout-flow wp-block-quote-is-layout-flow\">\n<p>Sortir de l\u2019h\u00f4tel et rejoindre le c\u0153ur historique de Toulouse en quelques pas : c\u2019est l\u00e0 que r\u00e9side l\u2019atout majeur de cette adresse.<\/p>\n<\/blockquote>\n\n\n\n<h3 class=\"wp-block-heading\" id=\"mobilite\">Une mobilit\u00e9 parfaite<\/h3>\n\n\n\n<p>Vous pourrez vous d\u00e9placer facilement :<\/p>\n\n\n\n<ul class=\"wp-block-list\">\n<li><strong>M\u00e9tro Marengo-SNCF (Ligne A)<\/strong> \u00e0 proximit\u00e9 imm\u00e9diate<\/li>\n\n\n\n<li><strong>Navette a\u00e9roport<\/strong> accessible rapidement<\/li>\n\n\n\n<li><strong>Bus Tiss\u00e9o<\/strong> en bas de l\u2019h\u00f4tel<\/li>\n\n\n\n<li><strong>Centre-ville enti\u00e8rement pi\u00e9tonnable<\/strong><\/li>\n<\/ul>\n\n\n\n<h2 class=\"wp-block-heading\" id=\"experience-interieure\">Ce que promet l\u2019exp\u00e9rience int\u00e9rieure<\/h2>\n\n\n\n<h3 class=\"wp-block-heading\">Un design totalement r\u00e9invent\u00e9<\/h3>\n\n\n\n<p>Les 125 chambres subissent une transformation compl\u00e8te : ambiance plus chaleureuse, mat\u00e9riaux modernes, atmosph\u00e8re inspir\u00e9e de la ville.<\/p>\n\n\n\n<p>L\u2019objectif : rompre avec le style standardis\u00e9 du Pullman pour proposer <strong>une exp\u00e9rience beaucoup plus personnelle<\/strong>.<\/p>\n\n\n\n<h3 class=\"wp-block-heading\">Des services revisit\u00e9s<\/h3>\n\n\n\n<ul class=\"wp-block-list\">\n<li><strong>Centre de fitness<\/strong> remis au go\u00fbt du jour<\/li>\n\n\n\n<li><strong>Nouveaux espaces de restauration<\/strong> (anciennement Le Bada \/ Le 84)<\/li>\n\n\n\n<li><strong>Wi-Fi performant<\/strong><\/li>\n\n\n\n<li><strong>Accueil 24h\/24<\/strong><\/li>\n<\/ul>\n\n\n\n<p>Tout est pens\u00e9 pour combiner confort et efficacit\u00e9, quelle que soit la raison du s\u00e9jour.<\/p>\n\n\n\n<h3 class=\"wp-block-heading\">Un op\u00e9rateur exp\u00e9riment\u00e9<\/h3>\n\n\n\n<p>L\u2019h\u00f4tel reste exploit\u00e9 par la St\u00e9 H\u00f4teli\u00e8re Toulouse Centre, gestionnaire historique depuis 1989.<\/p>\n\n\n\n<p>Une garantie de <strong>stabilit\u00e9 et de ma\u00eetrise du march\u00e9 local<\/strong>.<\/p>\n\n\n\n<h2 class=\"wp-block-heading\" id=\"professionnels\">Une adresse strat\u00e9gique pour les pros<\/h2>\n\n\n\n<h3 class=\"wp-block-heading\">Des espaces de r\u00e9union modernis\u00e9s<\/h3>\n\n\n\n<p>Les salles destin\u00e9es aux s\u00e9minaires et r\u00e9unions devraient \u00eatre totalement repens\u00e9es pour offrir <strong>un cadre plus ergonomique et connect\u00e9<\/strong>.<\/p>\n\n\n\n<h3 class=\"wp-block-heading\">Le choix des voyageurs d\u2019affaires<\/h3>\n\n\n\n<p>Proximit\u00e9 imm\u00e9diate de la gare, acc\u00e8s facile aux transports, services business\u2026 tout est r\u00e9uni pour un d\u00e9placement pro fluide et optimis\u00e9.<\/p>\n\n\n\n<blockquote class=\"wp-block-quote is-layout-flow wp-block-quote-is-layout-flow\">\n<p>Arriver en train et rejoindre sa r\u00e9union \u00e0 pied en 5 minutes : voil\u00e0 un avantage rare \u00e0 Toulouse.<\/p>\n<\/blockquote>\n\n\n\n<h2 class=\"wp-block-heading\" id=\"ville-rose\">Le meilleur de Toulouse aux portes de l\u2019h\u00f4tel<\/h2>\n\n\n\n<h3 class=\"wp-block-heading\">Le patrimoine \u00e0 quelques pas<\/h3>\n\n\n\n<ul class=\"wp-block-list\">\n<li><strong>Basilique Saint-Sernin<\/strong><\/li>\n\n\n\n<li><strong>Mus\u00e9e des Augustins<\/strong><\/li>\n\n\n\n<li><strong>Canal du Midi<\/strong><\/li>\n\n\n\n<li><strong>Fondation Bemberg<\/strong><\/li>\n<\/ul>\n\n\n\n<p>Pas besoin de transport : tout est accessible en fl\u00e2nant depuis l\u2019h\u00f4tel.<\/p>\n\n\n\n<h3 class=\"wp-block-heading\">Une ambiance unique<\/h3>\n\n\n\n<p>Toulouse vit intens\u00e9ment : les guinguettes de la Garonne, les restaurants flottants, les terrasses anim\u00e9es\u2026 Le m\u00e9lange entre influence espagnole et passion du rugby cr\u00e9e une atmosph\u00e8re vibrante.<\/p>\n\n\n\n<p>Loger ici, c\u2019est \u00eatre <strong>au c\u0153ur de l\u2019\u00e9nergie de la Ville Rose<\/strong>.<\/p>\n\n\n\n<p>Tu l\u2019auras compris : le Pullman laisse place \u00e0 un <strong>FirstName Toulouse enti\u00e8rement r\u00e9invent\u00e9<\/strong>. L\u2019attente jusqu\u2019\u00e0 2025 sera largement r\u00e9compens\u00e9e par un lieu transform\u00e9, id\u00e9alement situ\u00e9 et bien plus en phase avec l\u2019esprit de la ville.<\/p>\n\n\n\n<h2 class=\"wp-block-heading\">FAQ<\/h2>\n\n\n\n<h3 class=\"wp-block-heading\">Quel est le meilleur quartier pour loger \u00e0 Toulouse ?<\/h3>\n\n\n\n<p>Les all\u00e9es Jean-Jaur\u00e8s offrent le parfait \u00e9quilibre : central, moderne, s\u00e9curis\u00e9 et proche de la gare. Le futur FirstName Toulouse profite pleinement de cet emplacement.<\/p>\n\n\n\n<h3 class=\"wp-block-heading\">Quel est le plus beau quartier de la ville ?<\/h3>\n\n\n\n<p>Le Vieux Toulouse, avec ses ruelles de briques roses, reste le plus charmant. Depuis l\u2019h\u00f4tel, il est accessible \u00e0 pied en une dizaine de minutes.<\/p>\n\n\n\n<h3 class=\"wp-block-heading\">O\u00f9 faire du shopping \u00e0 Toulouse ?<\/h3>\n\n\n\n<p>La rue d\u2019Alsace-Lorraine est l&rsquo;art\u00e8re commerciale principale. Depuis l\u2019h\u00f4tel, tu peux y acc\u00e9der en quelques minutes seulement.<\/p>\n","protected":false},"excerpt":{"rendered":"<p>L\u2019essentiel \u00e0 retenir : le Pullman devient le FirstName Toulouse apr\u00e8s une r\u00e9novation int\u00e9grale, avec une r\u00e9ouverture pr\u00e9vue en 2025. Actuellement ferm\u00e9, l\u2019h\u00f4tel est en pleine transformation sous l\u2019enseigne JdV by Hyatt. Ses 125 chambres, ses espaces et son identit\u00e9 sont enti\u00e8rement r\u00e9invent\u00e9s pour offrir une exp\u00e9rience beaucoup plus moderne en plein c\u0153ur des Ramblas. &#8230; <a title=\"Pullman Toulouse Centre Ramblas : ce qu&rsquo;il faut savoir\" class=\"read-more\" href=\"https:\/\/www.bras-de-fer.fr\/blog\/pullman-toulouse-centre-ramblas\/\" aria-label=\"En savoir plus sur Pullman Toulouse Centre Ramblas : ce qu&rsquo;il faut savoir\">Lire plus<\/a><\/p>\n","protected":false},"author":1,"featured_media":4868,"comment_status":"closed","ping_status":"closed","sticky":false,"template":"","format":"standard","meta":{"footnotes":""},"categories":[2627],"tags":[],"class_list":["post-4867","post","type-post","status-publish","format-standard","has-post-thumbnail","hentry","category-recommandations"],"views":710,"_links":{"self":[{"href":"https:\/\/www.bras-de-fer.fr\/blog\/wp-json\/wp\/v2\/posts\/4867","targetHints":{"allow":["GET"]}}],"collection":[{"href":"https:\/\/www.bras-de-fer.fr\/blog\/wp-json\/wp\/v2\/posts"}],"about":[{"href":"https:\/\/www.bras-de-fer.fr\/blog\/wp-json\/wp\/v2\/types\/post"}],"author":[{"embeddable":true,"href":"https:\/\/www.bras-de-fer.fr\/blog\/wp-json\/wp\/v2\/users\/1"}],"replies":[{"embeddable":true,"href":"https:\/\/www.bras-de-fer.fr\/blog\/wp-json\/wp\/v2\/comments?post=4867"}],"version-history":[{"count":2,"href":"https:\/\/www.bras-de-fer.fr\/blog\/wp-json\/wp\/v2\/posts\/4867\/revisions"}],"predecessor-version":[{"id":4870,"href":"https:\/\/www.bras-de-fer.fr\/blog\/wp-json\/wp\/v2\/posts\/4867\/revisions\/4870"}],"wp:featuredmedia":[{"embeddable":true,"href":"https:\/\/www.bras-de-fer.fr\/blog\/wp-json\/wp\/v2\/media\/4868"}],"wp:attachment":[{"href":"https:\/\/www.bras-de-fer.fr\/blog\/wp-json\/wp\/v2\/media?parent=4867"}],"wp:term":[{"taxonomy":"category","embeddable":true,"href":"https:\/\/www.bras-de-fer.fr\/blog\/wp-json\/wp\/v2\/categories?post=4867"},{"taxonomy":"post_tag","embeddable":true,"href":"https:\/\/www.bras-de-fer.fr\/blog\/wp-json\/wp\/v2\/tags?post=4867"}],"curies":[{"name":"wp","href":"https:\/\/api.w.org\/{rel}","templated":true}]}}