{"id":4806,"date":"2025-11-13T20:38:05","date_gmt":"2025-11-13T19:38:05","guid":{"rendered":"https:\/\/www.bras-de-fer.fr\/blog\/?p=4806"},"modified":"2025-11-13T20:38:08","modified_gmt":"2025-11-13T19:38:08","slug":"maillot-algerie-2025","status":"publish","type":"post","link":"https:\/\/www.bras-de-fer.fr\/blog\/maillot-algerie-2025\/","title":{"rendered":"D\u00e9couvrez le nouveau maillot Alg\u00e9rie 2025 : design, innovations et style officiel"},"content":{"rendered":"<p><strong>Le nouveau maillot Alg\u00e9rie 2025<\/strong> est enfin r\u00e9v\u00e9l\u00e9 : un m\u00e9lange assum\u00e9 d\u2019h\u00e9ritage et de modernit\u00e9 sign\u00e9 Adidas, pens\u00e9 pour briller lors des grandes \u00e9ch\u00e9ances internationales. Ce texte d\u00e9crypte le <strong>design maillot Alg\u00e9rie<\/strong>, les <strong>innovations maillot Alg\u00e9rie<\/strong>, le positionnement commercial et l\u2019impact aupr\u00e8s des supporters et des joueurs. Il explique pourquoi la palette de blanc \u00ab craie \u00bb et le vert profond font sens, comment le retour du <strong>drapeau<\/strong> sur la poitrine modifie le r\u00e9cit visuel, et quelles caract\u00e9ristiques techniques garantissent confort et performance sur le terrain. Des conseils d\u2019achat, des mises en garde contre les contrefa\u00e7ons et des exemples concrets d\u2019utilisation en club accompagnent l\u2019analyse pour aider \u00e0 d\u00e9cider d\u2019acheter ou non la <strong>collection Alg\u00e9rie 2025<\/strong>. Enfin, des rep\u00e8res pratiques pr\u00e9cisent la disponibilit\u00e9 commerciale et la strat\u00e9gie de lancement, utiles aux collectionneurs, aux clubs amateurs et aux supporters exigeants.<\/p>\n\n<p><strong>En bref :<\/strong><\/p>\n\n<ul class=\"wp-block-list\"><li><strong>Design<\/strong> : blanc \u00ab craie \u00bb pour le domicile, vert profond pour l\u2019ext\u00e9rieur, trois bandes Adidas visibles.<\/li><li><strong>Identit\u00e9<\/strong> : le drapeau alg\u00e9rien reprend la poitrine, message d\u2019unit\u00e9 renforc\u00e9.<\/li><li><strong>Calendrier<\/strong> : lancement commercial pr\u00e9vu en mars 2026 ; non port\u00e9 \u00e0 la CAN 2025.<\/li><li><strong>Technique<\/strong> : tissus respirants, zones mesh et finitions renforc\u00e9es pour durabilit\u00e9.<\/li><li><strong>Conseils<\/strong> : acheter via boutiques Adidas officielles et v\u00e9rifier hologrammes.<\/li><\/ul>\n\n<h2 class=\"wp-block-heading\">Design maillot Alg\u00e9rie 2025 : palette, inspirations et style officiel<\/h2>\n\n<p>Le <strong>nouveau maillot Alg\u00e9rie<\/strong> combine une base blanche l\u00e9g\u00e8rement cass\u00e9e \u2014 qualifi\u00e9e de \u00ab craie \u00bb \u2014 avec des d\u00e9tails verts profonds. Cette palette vise \u00e0 \u00e9voquer \u00e0 la fois les terrains traditionnels et une esth\u00e9tique \u00ab heritage \u00bb qui parle aux g\u00e9n\u00e9rations.<\/p>\n\n<ul class=\"wp-block-list\"><li>Choix chromatique : blanc \u00ab craie \u00bb pour un rendu photographique plus flatteur.<\/li><li>\u00c9l\u00e9ments graphiques : trois bandes Adidas repositionn\u00e9es sur le devant pour une identit\u00e9 lisible.<\/li><li>Version ext\u00e9rieure : vert froid, inspir\u00e9 des tenues historiques des Fennecs.<\/li><\/ul>\n\n<figure class=\"wp-block-table\"><table>\n<thead>\n<tr>\n<th>\u00c9l\u00e9ment<\/th>\n<th>Caract\u00e9ristique<\/th>\n<th>Impact visuel<\/th>\n<\/tr>\n<\/thead>\n<tbody>\n<tr>\n<td><strong>Couleur domicile<\/strong><\/td>\n<td>Blanc \u00ab craie \u00bb<\/td>\n<td>Style r\u00e9tro et meilleure tenue visuelle en photo<\/td>\n<\/tr>\n<tr>\n<td><strong>Couleur ext\u00e9rieur<\/strong><\/td>\n<td>Vert froid et profond<\/td>\n<td>Rappel des mod\u00e8les historiques<\/td>\n<\/tr>\n<tr>\n<td><strong>Marquage<\/strong><\/td>\n<td>Trois bandes frontales<\/td>\n<td>Identit\u00e9 Adidas renforc\u00e9e<\/td>\n<\/tr>\n<\/tbody>\n<\/table><\/figure>\n\n<p>Exemple concret : pour un photographe sportif, le blanc \u00ab craie \u00bb r\u00e9duit les reflets et conserve des contrastes naturels. Insight cl\u00e9 : le <strong>style officiel Alg\u00e9rie<\/strong> cherche \u00e0 unir pass\u00e9 et pr\u00e9sent sans sacrifier la lisibilit\u00e9 publique.<\/p>\n\n<figure class=\"wp-block-image size-full\"><img decoding=\"async\" width=\"1344\" height=\"768\" src=\"https:\/\/www.bras-de-fer.fr\/blog\/wp-content\/uploads\/2025\/11\/decouvrez-le-nouveau-maillot-algerie-2025-design-innovations-et-style-officiel-1.jpg\" alt=\"d\u00e9couvrez le nouveau maillot de l&#039;alg\u00e9rie pour 2025 : alliant design innovant, technologie avanc\u00e9e et style officiel pour soutenir l&#039;\u00e9quipe nationale avec fiert\u00e9.\" class=\"wp-image-4805\" srcset=\"https:\/\/www.bras-de-fer.fr\/blog\/wp-content\/uploads\/2025\/11\/decouvrez-le-nouveau-maillot-algerie-2025-design-innovations-et-style-officiel-1.jpg 1344w, https:\/\/www.bras-de-fer.fr\/blog\/wp-content\/uploads\/2025\/11\/decouvrez-le-nouveau-maillot-algerie-2025-design-innovations-et-style-officiel-1-300x171.jpg 300w, https:\/\/www.bras-de-fer.fr\/blog\/wp-content\/uploads\/2025\/11\/decouvrez-le-nouveau-maillot-algerie-2025-design-innovations-et-style-officiel-1-1024x585.jpg 1024w, https:\/\/www.bras-de-fer.fr\/blog\/wp-content\/uploads\/2025\/11\/decouvrez-le-nouveau-maillot-algerie-2025-design-innovations-et-style-officiel-1-768x439.jpg 768w\" sizes=\"(max-width: 1344px) 100vw, 1344px\" \/><\/figure>\n\n<h2 class=\"wp-block-heading\">Identit\u00e9 et symbolique du maillot \u00e9quipe nationale : drapeau, \u00e9cusson et r\u00e9cit<\/h2>\n\n<p>La d\u00e9cision de replacer le <strong>drapeau<\/strong> sur la poitrine, au d\u00e9triment de l\u2019\u00e9cusson f\u00e9d\u00e9ral, est un choix symbolique fort. Il vise \u00e0 renforcer l\u2019unit\u00e9 nationale et \u00e0 raviver des souvenirs li\u00e9s aux grandes campagnes internationales.<\/p>\n\n<ul class=\"wp-block-list\"><li>Message : priorit\u00e9 \u00e0 l\u2019identit\u00e9 nationale plut\u00f4t qu\u2019au blason institutionnel.<\/li><li>R\u00e9f\u00e9rence historique : rappel de tenues marquantes, comme la campagne mondiale de 2014.<\/li><li>Campagne culturelle : collaboration avec des figures comme Rim\u2019K pour lier musique et football.<\/li><\/ul>\n\n<figure class=\"wp-block-table\"><table>\n<thead>\n<tr>\n<th>\u00c9l\u00e9ment<\/th>\n<th>Signification<\/th>\n<th>Cons\u00e9quence<\/th>\n<\/tr>\n<\/thead>\n<tbody>\n<tr>\n<td><strong>Drapeau sur la poitrine<\/strong><\/td>\n<td>Unit\u00e9 nationale<\/td>\n<td>Adh\u00e9sion populaire renforc\u00e9e<\/td>\n<\/tr>\n<tr>\n<td><strong>Logo r\u00e9tro Adidas<\/strong><\/td>\n<td>Rappel heritage<\/td>\n<td>Positionnement nostalgique et premium<\/td>\n<\/tr>\n<tr>\n<td><strong>Spot publicitaire<\/strong><\/td>\n<td>Voix culturelle (partenariats)<\/td>\n<td>Dialogue renforc\u00e9 avec la diaspora<\/td>\n<\/tr>\n<\/tbody>\n<\/table><\/figure>\n\n<p>Cas pratique : Amine, d\u00e9fenseur en club amateur, ressent une fiert\u00e9 renforc\u00e9e lorsqu\u2019il porte un maillot arborant le drapeau. Insight cl\u00e9 : remettre le drapeau au centre, c\u2019est vendre une histoire autant qu\u2019un produit.<\/p>\n\n<h2 class=\"wp-block-heading\">Calendrier, disponibilit\u00e9 et strat\u00e9gie commerciale de la collection Alg\u00e9rie 2025<\/h2>\n\n<p>La sortie commerciale est pr\u00e9vue en mars 2026. Le choix d\u2019attendre apr\u00e8s la CAN 2025 pour lancer la collection vise \u00e0 maximiser l\u2019effet d\u2019annonce et pr\u00e9parer la visibilit\u00e9 lors de la Coupe du Monde 2026.<\/p>\n\n<ul class=\"wp-block-list\"><li>Dates cl\u00e9s : non port\u00e9 \u00e0 la CAN 2025 ; lancement en mars 2026 ; visibilit\u00e9 maximale \u00e0 la CDM 2026.<\/li><li>Distribution : boutiques Adidas officielles et plateforme en ligne de la marque.<\/li><li>March\u00e9s prioritaires : Alg\u00e9rie, France, pays de la diaspora et Am\u00e9rique du Nord.<\/li><\/ul>\n\n<figure class=\"wp-block-table\"><table>\n<thead>\n<tr>\n<th>Date<\/th>\n<th>\u00c9v\u00e9nement<\/th>\n<th>Impact commercial<\/th>\n<\/tr>\n<\/thead>\n<tbody>\n<tr>\n<td><strong>CAN 2025<\/strong><\/td>\n<td>Anciennes tenues<\/td>\n<td>Conserve l\u2019image existante<\/td>\n<\/tr>\n<tr>\n<td><strong>Mars 2026<\/strong><\/td>\n<td>Lancement commercial<\/td>\n<td>Pic de ventes avant la CDM<\/td>\n<\/tr>\n<tr>\n<td><strong>Juin\u2013Juillet 2026<\/strong><\/td>\n<td>Coupe du Monde<\/td>\n<td>Visibilit\u00e9 internationale maximale<\/td>\n<\/tr>\n<\/tbody>\n<\/table><\/figure>\n\n<p>Exemple : une boutique sp\u00e9cialis\u00e9e \u00e0 Alger pr\u00e9voit d\u2019augmenter ses commandes pour capter la demande de la diaspora en France. Insight cl\u00e9 : un lancement ma\u00eetris\u00e9 en mars 2026 maximise impact m\u00e9diatique et potentiel commercial.<\/p>\n\n<h2 class=\"wp-block-heading\">Performances et innovations maillot Alg\u00e9rie : textile, coupe et d\u00e9tails techniques<\/h2>\n\n<p>Au-del\u00e0 du style, la tenue officielle Alg\u00e9rie int\u00e8gre des sp\u00e9cifications con\u00e7ues pour la performance. Adidas combine l\u00e9g\u00e8ret\u00e9, durabilit\u00e9 et zones de ventilation pour r\u00e9pondre aux besoins des matchs et des entra\u00eenements intensifs.<\/p>\n\n<ul class=\"wp-block-list\"><li>Tissu principal : polyester recycl\u00e9 haute densit\u00e9 pour s\u00e9cher rapidement.<\/li><li>Ventilation : inserts mesh au dos et aux aisselles pour une meilleure thermor\u00e9gulation.<\/li><li>Finitions : coutures plates et s\u00e9rigraphies renforc\u00e9es pour limiter l\u2019irritation et l\u2019usure.<\/li><\/ul>\n\n<figure class=\"wp-block-table\"><table>\n<thead>\n<tr>\n<th>Composant<\/th>\n<th>Description<\/th>\n<th>B\u00e9n\u00e9fice joueur<\/th>\n<\/tr>\n<\/thead>\n<tbody>\n<tr>\n<td><strong>Tissu principal<\/strong><\/td>\n<td>Polyester recycl\u00e9 haute densit\u00e9<\/td>\n<td>L\u00e9ger et s\u00e8che vite<\/td>\n<\/tr>\n<tr>\n<td><strong>Zones ventil\u00e9es<\/strong><\/td>\n<td>Mesh au dos et aisselles<\/td>\n<td>Meilleure thermor\u00e9gulation<\/td>\n<\/tr>\n<tr>\n<td><strong>Finition<\/strong><\/td>\n<td>Coutures plates, s\u00e9rigraphies renforc\u00e9es<\/td>\n<td>Moins d\u2019irritation et meilleure durabilit\u00e9<\/td>\n<\/tr>\n<\/tbody>\n<\/table><\/figure>\n\n<p>Cas pratique : lors d\u2019un stage de pr\u00e9paration sous forte chaleur, Amine constate moins de sensations de surchauffe gr\u00e2ce aux zones mesh. Insight cl\u00e9 : un maillot doit d\u2019abord servir le jeu ; l\u2019esth\u00e9tique reste secondaire si la technique ne suit pas.<\/p>\n\n<h2 class=\"wp-block-heading\">R\u00e9ception des fans, march\u00e9 et conseils d&rsquo;achat pour les v\u00eatements football Alg\u00e9rie<\/h2>\n\n<p>Les premi\u00e8res r\u00e9actions ont \u00e9t\u00e9 mixtes : enthousiasme chez les collectionneurs, questionnements chez les puristes concernant l\u2019\u00e9cusson, et vigilance face aux contrefa\u00e7ons. Le march\u00e9 devrait conna\u00eetre un pic d\u2019int\u00e9r\u00eat \u00e0 l\u2019approche du lancement officiel.<\/p>\n\n<ul class=\"wp-block-list\"><li>Conseil d\u2019achat : privil\u00e9gier les revendeurs officiels Adidas et v\u00e9rifier hologrammes et \u00e9tiquettes.<\/li><li>Entretien : lavage \u00e0 basse temp\u00e9rature et s\u00e9chage \u00e0 l\u2019air pour pr\u00e9server couleurs et s\u00e9rigraphies.<\/li><li>Achat pour collectionneurs : suivre les drops et \u00e9ditions limit\u00e9es pour garantir la raret\u00e9.<\/li><\/ul>\n\n<figure class=\"wp-block-table\"><table>\n<thead>\n<tr>\n<th>Public<\/th>\n<th>Attente principale<\/th>\n<th>Conseil pratique<\/th>\n<\/tr>\n<\/thead>\n<tbody>\n<tr>\n<td><strong>Supporters<\/strong><\/td>\n<td>Fiert\u00e9 nationale et rendu visuel<\/td>\n<td>Acheter l\u2019\u00e9dition officielle<\/td>\n<\/tr>\n<tr>\n<td><strong>Joueurs amateurs<\/strong><\/td>\n<td>Confort et durabilit\u00e9<\/td>\n<td>Tester avant usage en match<\/td>\n<\/tr>\n<tr>\n<td><strong>Collectionneurs<\/strong><\/td>\n<td>Raret\u00e9 et histoire<\/td>\n<td>R\u00e9server t\u00f4t ou suivre les drops<\/td>\n<\/tr>\n<\/tbody>\n<\/table><\/figure>\n\n<p>Exemple : un revendeur en ligne remarque une hausse des requ\u00eates sur les tailles et l\u2019authenticit\u00e9 ; il met en place une checklist pour les clients. Insight cl\u00e9 : acheter la tenue officielle Alg\u00e9rie demande vigilance et connaissance des signes d\u2019authenticit\u00e9.<\/p>\n\n<h2 class=\"wp-block-heading\">Exemples concrets et cas pratiques : usage en club, collection et pr\u00e9paration<\/h2>\n\n<p>Plusieurs sc\u00e9narios montrent l\u2019utilit\u00e9 d\u2019une lecture pr\u00e9cise avant achat. Les clubs amateurs, les supporters et les collectionneurs ont des crit\u00e8res diff\u00e9rents : performance, esth\u00e9tique ou raret\u00e9.<\/p>\n\n<ul class=\"wp-block-list\"><li>Clubs amateurs : prioriser la durabilit\u00e9 et la coupe fonctionnelle.<\/li><li>Supporters : choisir la taille et l\u2019\u00e9dition qui correspondent \u00e0 l\u2019usage (matchs, ville, collection).<\/li><li>Collectionneurs : suivre les \u00e9ditions \u00ab heritage \u00bb et garder la pi\u00e8ce en \u00e9tat museum pour la revente.<\/li><\/ul>\n\n<figure class=\"wp-block-table\"><table>\n<thead>\n<tr>\n<th>Usage<\/th>\n<th>Crit\u00e8re principal<\/th>\n<th>Astuce pratique<\/th>\n<\/tr>\n<\/thead>\n<tbody>\n<tr>\n<td><strong>Entra\u00eenement<\/strong><\/td>\n<td>Respirabilit\u00e9 et coupe<\/td>\n<td>Tester en s\u00e9ance avant achat en grande quantit\u00e9<\/td>\n<\/tr>\n<tr>\n<td><strong>Matchs officiels<\/strong><\/td>\n<td>Conformit\u00e9 et num\u00e9rotation<\/td>\n<td>V\u00e9rifier num\u00e9ros thermocoll\u00e9s et tailles officielles<\/td>\n<\/tr>\n<tr>\n<td><strong>Collection<\/strong><\/td>\n<td>\u00c9dition limit\u00e9e<\/td>\n<td>Conserver dans housse anti-UV et \u00e0 plat<\/td>\n<\/tr>\n<\/tbody>\n<\/table><\/figure>\n\n<p>Anecdote : un club r\u00e9gional a command\u00e9 des r\u00e9pliques pour ses \u00e9quipes juniors ; les retours ont port\u00e9 sur l\u2019adaptation des tailles et la long\u00e9vit\u00e9. Insight cl\u00e9 : adapter l\u2019achat \u00e0 l\u2019usage pr\u00e9vaut sur l\u2019effet de mode.<\/p>\n\n<script type=\"application\/ld+json\">\n{\"@context\":\"https:\/\/schema.org\",\"@type\":\"FAQPage\",\"mainEntity\":[{\"@type\":\"Question\",\"name\":\"Quand sera disponible officiellement le nouveau maillot ?\",\"acceptedAnswer\":{\"@type\":\"Answer\",\"text\":\"La sortie commerciale est annoncu00e9e pour mars 2026. Les tenues serviront principalement la pru00e9paration vers la Coupe du Monde 2026 et ne seront pas portu00e9es u00e0 la CAN 2025.\"}},{\"@type\":\"Question\",\"name\":\"Pourquoi le drapeau remplace-t-il lu2019u00e9cusson fu00e9du00e9ral ?\",\"acceptedAnswer\":{\"@type\":\"Answer\",\"text\":\"Ce choix vise u00e0 renforcer une identitu00e9 nationale partagu00e9e et u00e0 rappeler des campagnes historiques, cru00e9ant un lien u00e9motionnel plus fort avec les supporters.\"}},{\"@type\":\"Question\",\"name\":\"Comment reconnau00eetre une version officielle ?\",\"acceptedAnswer\":{\"@type\":\"Answer\",\"text\":\"Privilu00e9giez les boutiques Adidas officielles et la plateforme en ligne de la marque. Vu00e9rifiez la pru00e9sence du2019u00e9tiquettes, du2019hologrammes et de numu00e9ros de su00e9rie.\"}},{\"@type\":\"Question\",\"name\":\"Le maillot est-il adaptu00e9 aux entrau00eenements intensifs ?\",\"acceptedAnswer\":{\"@type\":\"Answer\",\"text\":\"Oui, si les spu00e9cifications techniques annoncu00e9es sont respectu00e9es : tissu respirant, zones mesh et coupe ergonomique. Tester une piu00e8ce avant usage intensif reste recommandu00e9.\"}}]}\n<\/script>\n<h3>Quand sera disponible officiellement le nouveau maillot ?<\/h3>\n<p>La sortie commerciale est annonc\u00e9e pour mars 2026. Les tenues serviront principalement la pr\u00e9paration vers la Coupe du Monde 2026 et ne seront pas port\u00e9es \u00e0 la CAN 2025.<\/p>\n<h3>Pourquoi le drapeau remplace-t-il l\u2019\u00e9cusson f\u00e9d\u00e9ral ?<\/h3>\n<p>Ce choix vise \u00e0 renforcer une identit\u00e9 nationale partag\u00e9e et \u00e0 rappeler des campagnes historiques, cr\u00e9ant un lien \u00e9motionnel plus fort avec les supporters.<\/p>\n<h3>Comment reconna\u00eetre une version officielle ?<\/h3>\n<p>Privil\u00e9giez les boutiques Adidas officielles et la plateforme en ligne de la marque. V\u00e9rifiez la pr\u00e9sence d\u2019\u00e9tiquettes, d\u2019hologrammes et de num\u00e9ros de s\u00e9rie.<\/p>\n<h3>Le maillot est-il adapt\u00e9 aux entra\u00eenements intensifs ?<\/h3>\n<p>Oui, si les sp\u00e9cifications techniques annonc\u00e9es sont respect\u00e9es : tissu respirant, zones mesh et coupe ergonomique. Tester une pi\u00e8ce avant usage intensif reste recommand\u00e9.<\/p>\n\n","protected":false},"excerpt":{"rendered":"<p>Le nouveau maillot Alg\u00e9rie 2025 est enfin r\u00e9v\u00e9l\u00e9 : un m\u00e9lange assum\u00e9 d\u2019h\u00e9ritage et de modernit\u00e9 sign\u00e9 Adidas, pens\u00e9 pour briller lors des grandes \u00e9ch\u00e9ances internationales. Ce texte d\u00e9crypte le design maillot Alg\u00e9rie, les innovations maillot Alg\u00e9rie, le positionnement commercial et l\u2019impact aupr\u00e8s des supporters et des joueurs. Il explique pourquoi la palette de blanc &#8230; <a title=\"D\u00e9couvrez le nouveau maillot Alg\u00e9rie 2025 : design, innovations et style officiel\" class=\"read-more\" href=\"https:\/\/www.bras-de-fer.fr\/blog\/maillot-algerie-2025\/\" aria-label=\"En savoir plus sur D\u00e9couvrez le nouveau maillot Alg\u00e9rie 2025 : design, innovations et style officiel\">Lire plus<\/a><\/p>\n","protected":false},"author":1,"featured_media":4804,"comment_status":"closed","ping_status":"closed","sticky":false,"template":"","format":"standard","meta":{"footnotes":""},"categories":[5],"tags":[],"class_list":["post-4806","post","type-post","status-publish","format-standard","has-post-thumbnail","hentry","category-sport"],"views":402,"_links":{"self":[{"href":"https:\/\/www.bras-de-fer.fr\/blog\/wp-json\/wp\/v2\/posts\/4806","targetHints":{"allow":["GET"]}}],"collection":[{"href":"https:\/\/www.bras-de-fer.fr\/blog\/wp-json\/wp\/v2\/posts"}],"about":[{"href":"https:\/\/www.bras-de-fer.fr\/blog\/wp-json\/wp\/v2\/types\/post"}],"author":[{"embeddable":true,"href":"https:\/\/www.bras-de-fer.fr\/blog\/wp-json\/wp\/v2\/users\/1"}],"replies":[{"embeddable":true,"href":"https:\/\/www.bras-de-fer.fr\/blog\/wp-json\/wp\/v2\/comments?post=4806"}],"version-history":[{"count":1,"href":"https:\/\/www.bras-de-fer.fr\/blog\/wp-json\/wp\/v2\/posts\/4806\/revisions"}],"predecessor-version":[{"id":4812,"href":"https:\/\/www.bras-de-fer.fr\/blog\/wp-json\/wp\/v2\/posts\/4806\/revisions\/4812"}],"wp:featuredmedia":[{"embeddable":true,"href":"https:\/\/www.bras-de-fer.fr\/blog\/wp-json\/wp\/v2\/media\/4804"}],"wp:attachment":[{"href":"https:\/\/www.bras-de-fer.fr\/blog\/wp-json\/wp\/v2\/media?parent=4806"}],"wp:term":[{"taxonomy":"category","embeddable":true,"href":"https:\/\/www.bras-de-fer.fr\/blog\/wp-json\/wp\/v2\/categories?post=4806"},{"taxonomy":"post_tag","embeddable":true,"href":"https:\/\/www.bras-de-fer.fr\/blog\/wp-json\/wp\/v2\/tags?post=4806"}],"curies":[{"name":"wp","href":"https:\/\/api.w.org\/{rel}","templated":true}]}}