{"id":4274,"date":"2025-07-03T10:16:22","date_gmt":"2025-07-03T08:16:22","guid":{"rendered":"https:\/\/www.bras-de-fer.fr\/blog\/?p=4274"},"modified":"2025-07-03T10:16:39","modified_gmt":"2025-07-03T08:16:39","slug":"collaboration-la-preparation-mentale-par-lart-visuel","status":"publish","type":"post","link":"https:\/\/www.bras-de-fer.fr\/blog\/collaboration-la-preparation-mentale-par-lart-visuel\/","title":{"rendered":"Collaboration : la pr\u00e9paration mentale par l\u2019art visuel"},"content":{"rendered":"\n<p>Dans un monde o\u00f9 la collaboration est au c\u0153ur de nombreuses r\u00e9ussites, qu\u2019elles soient professionnelles, artistiques ou personnelles, la pr\u00e9paration mentale joue un r\u00f4le essentiel. Pourtant, elle est souvent n\u00e9glig\u00e9e ou mal comprise. Et si l\u2019art visuel pouvait \u00eatre un formidable alli\u00e9 pour se pr\u00e9parer mentalement, renforcer la coh\u00e9sion d\u2019\u00e9quipe et stimuler la cr\u00e9ativit\u00e9 collective ? C\u2019est ce que nous allons explorer dans cet article, en partageant conseils pratiques et exemples concrets.<\/p>\n\n\n\n<h2 class=\"wp-block-heading\"><strong>Pourquoi la pr\u00e9paration mentale est-elle cruciale en collaboration ?<\/strong><\/h2>\n\n\n\n<p>Travailler en \u00e9quipe demande bien plus que des comp\u00e9tences techniques : cela requiert de la confiance, de l\u2019\u00e9coute, une gestion du stress et une vision commune. Une pr\u00e9paration mentale efficace permet d\u2019harmoniser ces dimensions. Elle aide \u00e0 anticiper les d\u00e9fis, \u00e0 g\u00e9rer les \u00e9motions et \u00e0 garder la motivation intacte, m\u00eame dans les moments de tension.<\/p>\n\n\n\n<p>Cependant, cette pr\u00e9paration n\u2019est pas uniquement une affaire de discours ou d\u2019exercices classiques. Les outils artistiques, en particulier ceux issus de l\u2019art visuel, offrent une approche originale et puissante pour ancrer ces m\u00e9canismes dans le quotidien des \u00e9quipes.<\/p>\n\n\n\n<h2 class=\"wp-block-heading\"><strong>L\u2019art visuel comme levier de pr\u00e9paration mentale<\/strong><\/h2>\n\n\n\n<p>L\u2019art visuel est une forme d\u2019expression accessible \u00e0 tous, quelle que soit l\u2019exp\u00e9rience artistique. Que ce soit par le dessin, la photographie, ou encore la cr\u00e9ation digitale, il engage \u00e0 la fois le corps et l\u2019esprit. Cette implication sensorielle facilite la concentration, le l\u00e2cher-prise et la communication.<\/p>\n\n\n\n<p>Prenons l\u2019exemple d\u2019une \u00e9quipe confront\u00e9e \u00e0 un projet complexe. La cr\u00e9ation collective d\u2019une fresque ou m\u00eame d\u2019un <a href=\"https:\/\/www.adobe.com\/fr\/express\/create\/photo-collage\" target=\"_blank\" rel=\"noopener\">montage photo<\/a> peut servir \u00e0 visualiser les objectifs, les obstacles, et les forces en pr\u00e9sence. Ce processus met en lumi\u00e8re les ressentis de chacun, stimule l\u2019empathie et favorise un dialogue authentique.<\/p>\n\n\n\n<p>Int\u00e9grer l\u2019art visuel dans la pr\u00e9paration mentale ne signifie pas forc\u00e9ment organiser de grandes s\u00e9ances artistiques : cela peut \u00eatre aussi simple qu\u2019encourager les membres \u00e0 exprimer leurs id\u00e9es par des croquis rapides ou \u00e0 composer des collages qui repr\u00e9sentent leurs attentes. Cette m\u00e9thode stimule la cr\u00e9ativit\u00e9 tout en cr\u00e9ant un espace s\u00fbr d\u2019expression.<\/p>\n\n\n\n<h2 class=\"wp-block-heading\"><strong>Conseils pratiques pour utiliser l\u2019art visuel dans vos pr\u00e9parations mentales<\/strong><\/h2>\n\n\n\n<ol class=\"wp-block-list\">\n<li><strong>D\u00e9finir un objectif clair<\/strong> : Avant de d\u00e9marrer une activit\u00e9 artistique, posez une intention. Par exemple, clarifier les valeurs de l\u2019\u00e9quipe, identifier les \u00e9motions \u00e0 g\u00e9rer, ou imaginer les r\u00e9sultats souhait\u00e9s.<br><\/li>\n\n\n\n<li><strong>Encourager l\u2019expression libre<\/strong> : Ne cherchez pas la perfection esth\u00e9tique. L\u2019id\u00e9e est d\u2019ouvrir un dialogue int\u00e9rieur et collectif. Les erreurs et improvisations sont pr\u00e9cieuses.<br><\/li>\n\n\n\n<li><strong>Utiliser des outils vari\u00e9s<\/strong> : Crayons, peintures, images d\u00e9coup\u00e9es, outils num\u00e9riques\u2026 chaque support a son pouvoir. Par exemple, un montage photo peut permettre de rassembler des images symboliques, inspirantes, qui nourrissent la r\u00e9flexion.<br><\/li>\n\n\n\n<li><strong>Partager et \u00e9changer<\/strong> : Apr\u00e8s chaque cr\u00e9ation, invitez les participants \u00e0 expliquer leur d\u00e9marche et leurs \u00e9motions. Cela renforce la coh\u00e9sion et la compr\u00e9hension mutuelle.<br><\/li>\n\n\n\n<li><strong>Revenir r\u00e9guli\u00e8rement<\/strong> : La pr\u00e9paration mentale est un processus continu. Int\u00e9grer l\u2019art visuel \u00e0 diff\u00e9rents moments du projet permet de r\u00e9ajuster et de renforcer l\u2019esprit d\u2019\u00e9quipe.<br><\/li>\n<\/ol>\n\n\n\n<h2 class=\"wp-block-heading\"><strong>Une histoire inspirante<\/strong><\/h2>\n\n\n\n<p>Je me souviens d\u2019une collaboration o\u00f9 une \u00e9quipe marketing devait lancer une campagne innovante sous forte pression temporelle. Au lieu de partir directement sur des brainstormings classiques, le manager a propos\u00e9 un atelier o\u00f9 chaque membre cr\u00e9ait un collage repr\u00e9sentant son \u00e9tat d\u2019esprit et ses attentes. Ce moment d\u2019expression libre a bris\u00e9 les tensions, r\u00e9v\u00e9l\u00e9 des freins invisibles et surtout, renforc\u00e9 la motivation collective. Ce simple exercice d\u2019art visuel a profond\u00e9ment impact\u00e9 la dynamique de groupe et a conduit \u00e0 un lancement r\u00e9ussi.<\/p>\n\n\n\n<h2 class=\"wp-block-heading\"><strong>Conclusion : un chemin cr\u00e9atif vers la pr\u00e9paration mentale<\/strong><\/h2>\n\n\n\n<p>La pr\u00e9paration mentale par l\u2019art visuel offre une voie originale, efficace et humaine pour optimiser la collaboration. Elle permet de sortir des sch\u00e9mas habituels, de lib\u00e9rer la parole et de renforcer l\u2019engagement. Que vous soyez leader, membre d\u2019une \u00e9quipe ou simplement curieux, int\u00e9grer une dimension artistique dans votre pr\u00e9paration mentale peut transformer votre mani\u00e8re de travailler ensemble.<\/p>\n\n\n\n<p>Pourquoi ne pas tenter l\u2019exp\u00e9rience ? Prenez quelques minutes, rassemblez quelques images, laissez libre cours \u00e0 votre imagination, et observez comment votre esprit et votre \u00e9quipe \u00e9voluent. Le potentiel est immense, et la cr\u00e9ativit\u00e9 n\u2019a pas de limites.<\/p>\n","protected":false},"excerpt":{"rendered":"<p>Dans un monde o\u00f9 la collaboration est au c\u0153ur de nombreuses r\u00e9ussites, qu\u2019elles soient professionnelles, artistiques ou personnelles, la pr\u00e9paration mentale joue un r\u00f4le essentiel. Pourtant, elle est souvent n\u00e9glig\u00e9e ou mal comprise. Et si l\u2019art visuel pouvait \u00eatre un formidable alli\u00e9 pour se pr\u00e9parer mentalement, renforcer la coh\u00e9sion d\u2019\u00e9quipe et stimuler la cr\u00e9ativit\u00e9 collective &#8230; <a title=\"Collaboration : la pr\u00e9paration mentale par l\u2019art visuel\" class=\"read-more\" href=\"https:\/\/www.bras-de-fer.fr\/blog\/collaboration-la-preparation-mentale-par-lart-visuel\/\" aria-label=\"En savoir plus sur Collaboration : la pr\u00e9paration mentale par l\u2019art visuel\">Lire plus<\/a><\/p>\n","protected":false},"author":1,"featured_media":4275,"comment_status":"closed","ping_status":"closed","sticky":false,"template":"","format":"standard","meta":{"footnotes":""},"categories":[2387],"tags":[],"class_list":["post-4274","post","type-post","status-publish","format-standard","has-post-thumbnail","hentry","category-lifestyle-vie-pratique"],"views":13,"_links":{"self":[{"href":"https:\/\/www.bras-de-fer.fr\/blog\/wp-json\/wp\/v2\/posts\/4274","targetHints":{"allow":["GET"]}}],"collection":[{"href":"https:\/\/www.bras-de-fer.fr\/blog\/wp-json\/wp\/v2\/posts"}],"about":[{"href":"https:\/\/www.bras-de-fer.fr\/blog\/wp-json\/wp\/v2\/types\/post"}],"author":[{"embeddable":true,"href":"https:\/\/www.bras-de-fer.fr\/blog\/wp-json\/wp\/v2\/users\/1"}],"replies":[{"embeddable":true,"href":"https:\/\/www.bras-de-fer.fr\/blog\/wp-json\/wp\/v2\/comments?post=4274"}],"version-history":[{"count":1,"href":"https:\/\/www.bras-de-fer.fr\/blog\/wp-json\/wp\/v2\/posts\/4274\/revisions"}],"predecessor-version":[{"id":4276,"href":"https:\/\/www.bras-de-fer.fr\/blog\/wp-json\/wp\/v2\/posts\/4274\/revisions\/4276"}],"wp:featuredmedia":[{"embeddable":true,"href":"https:\/\/www.bras-de-fer.fr\/blog\/wp-json\/wp\/v2\/media\/4275"}],"wp:attachment":[{"href":"https:\/\/www.bras-de-fer.fr\/blog\/wp-json\/wp\/v2\/media?parent=4274"}],"wp:term":[{"taxonomy":"category","embeddable":true,"href":"https:\/\/www.bras-de-fer.fr\/blog\/wp-json\/wp\/v2\/categories?post=4274"},{"taxonomy":"post_tag","embeddable":true,"href":"https:\/\/www.bras-de-fer.fr\/blog\/wp-json\/wp\/v2\/tags?post=4274"}],"curies":[{"name":"wp","href":"https:\/\/api.w.org\/{rel}","templated":true}]}}