{"id":1116,"date":"2024-09-03T11:25:30","date_gmt":"2024-09-03T09:25:30","guid":{"rendered":"https:\/\/www.bras-de-fer.fr\/blog\/derniers-entrainements-pour-les-para-athletes-de-paris-2024-arrivee-des-premiers-mercredi\/"},"modified":"2024-09-03T11:25:44","modified_gmt":"2024-09-03T09:25:44","slug":"derniers-entrainements-pour-les-para-athletes-de-paris-2024-arrivee-des-premiers-mercredi","status":"publish","type":"post","link":"https:\/\/www.bras-de-fer.fr\/blog\/derniers-entrainements-pour-les-para-athletes-de-paris-2024-arrivee-des-premiers-mercredi\/","title":{"rendered":"Derniers entra\u00eenements pour les para-athl\u00e8tes de Paris 2024, arriv\u00e9e des premiers mercredi"},"content":{"rendered":"<p><em>Mercredi 21 ao\u00fbt marquera l&rsquo;arriv\u00e9e des premiers para-athl\u00e8tes au village olympique. Les sportifs fran\u00e7ais sont actuellement en pleine pr\u00e9paration, motiv\u00e9s et soutenus par des moyens plus importants qu&rsquo;auparavant.<\/em><\/p>\n<h2 class=\"subheader\">Des paratriathl\u00e8tes fran\u00e7ais ambitieux<\/h2>\n<p>Pendant trois semaines, une d\u00e9l\u00e9gation de 17 paratriathl\u00e8tes fran\u00e7ais s&rsquo;est entra\u00een\u00e9e entre Clermont-Ferrand (Puy-de-D\u00f4me) et Vichy (Allier). Il s&rsquo;agit de la plus grande \u00e9quipe de paratriathlon fran\u00e7aise \u00e0 ce jour. Le matin de notre rencontre, ils ont effectu\u00e9 leurs derniers exercices intensifs sur un circuit de l&rsquo;usine Michelin, habituellement utilis\u00e9 pour tester des pneus. Les athl\u00e8tes fran\u00e7ais ont montr\u00e9 toute leur d\u00e9termination, galvanis\u00e9s par l&rsquo;organisation des Jeux Olympiques de Paris. L&rsquo;objectif est clair : remporter au moins huit m\u00e9dailles. Thibaut Rigaudeau, malvoyant, et son guide se sont illustr\u00e9s sur le circuit d&rsquo;entra\u00eenement. Ils ont de grandes ambitions et mettent tout en \u0153uvre pour y parvenir.<\/p>\n<h2 class=\"subheader\">Des moyens \u00e9quivalents aux athl\u00e8tes valides<\/h2>\n<p>Pour la premi\u00e8re fois, les paratriathl\u00e8tes ont b\u00e9n\u00e9fici\u00e9 des m\u00eames moyens d&rsquo;entra\u00eenement que les athl\u00e8tes valides. \u00c0 Vichy, c&rsquo;est l&rsquo;\u00e9quipe de natation olympique qui partageait les installations. Un entra\u00eeneur se rappelle du temps o\u00f9 il \u00e9tait seul avec un budget dix fois inf\u00e9rieur \u00e0 celui allou\u00e9 pour ces Jeux. Cette \u00e9galit\u00e9 de traitement montre la reconnaissance du paratriathlon et le soutien accru apport\u00e9 aux athl\u00e8tes handicap\u00e9s dans leur pr\u00e9paration pour les comp\u00e9titions internationales.<\/p>\n<p>\n   Source de l&rsquo;article : Francetvinfo<\/p>\n","protected":false},"excerpt":{"rendered":"<p>Mercredi 21 ao\u00fbt marquera l&rsquo;arriv\u00e9e des premiers para-athl\u00e8tes au village olympique. Les sportifs fran\u00e7ais sont actuellement en pleine pr\u00e9paration, motiv\u00e9s et soutenus par des moyens plus importants qu&rsquo;auparavant. Des paratriathl\u00e8tes fran\u00e7ais ambitieux Pendant trois semaines, une d\u00e9l\u00e9gation de 17 paratriathl\u00e8tes fran\u00e7ais s&rsquo;est entra\u00een\u00e9e entre Clermont-Ferrand (Puy-de-D\u00f4me) et Vichy (Allier). Il s&rsquo;agit de la plus grande &#8230; <a title=\"Derniers entra\u00eenements pour les para-athl\u00e8tes de Paris 2024, arriv\u00e9e des premiers mercredi\" class=\"read-more\" href=\"https:\/\/www.bras-de-fer.fr\/blog\/derniers-entrainements-pour-les-para-athletes-de-paris-2024-arrivee-des-premiers-mercredi\/\" aria-label=\"En savoir plus sur Derniers entra\u00eenements pour les para-athl\u00e8tes de Paris 2024, arriv\u00e9e des premiers mercredi\">Lire plus<\/a><\/p>\n","protected":false},"author":1,"featured_media":1117,"comment_status":"open","ping_status":"open","sticky":false,"template":"","format":"standard","meta":{"footnotes":""},"categories":[375],"tags":[2081,2075,23,2077,71,2085,2079,150,19,2083],"class_list":["post-1116","post","type-post","status-publish","format-standard","has-post-thumbnail","hentry","category-non-classe-fr","tag-arrivee","tag-derniers","tag-des","tag-entrainements","tag-les","tag-mercredi","tag-paraathletes","tag-paris","tag-pour","tag-premiers"],"views":43,"_links":{"self":[{"href":"https:\/\/www.bras-de-fer.fr\/blog\/wp-json\/wp\/v2\/posts\/1116","targetHints":{"allow":["GET"]}}],"collection":[{"href":"https:\/\/www.bras-de-fer.fr\/blog\/wp-json\/wp\/v2\/posts"}],"about":[{"href":"https:\/\/www.bras-de-fer.fr\/blog\/wp-json\/wp\/v2\/types\/post"}],"author":[{"embeddable":true,"href":"https:\/\/www.bras-de-fer.fr\/blog\/wp-json\/wp\/v2\/users\/1"}],"replies":[{"embeddable":true,"href":"https:\/\/www.bras-de-fer.fr\/blog\/wp-json\/wp\/v2\/comments?post=1116"}],"version-history":[{"count":0,"href":"https:\/\/www.bras-de-fer.fr\/blog\/wp-json\/wp\/v2\/posts\/1116\/revisions"}],"wp:featuredmedia":[{"embeddable":true,"href":"https:\/\/www.bras-de-fer.fr\/blog\/wp-json\/wp\/v2\/media\/1117"}],"wp:attachment":[{"href":"https:\/\/www.bras-de-fer.fr\/blog\/wp-json\/wp\/v2\/media?parent=1116"}],"wp:term":[{"taxonomy":"category","embeddable":true,"href":"https:\/\/www.bras-de-fer.fr\/blog\/wp-json\/wp\/v2\/categories?post=1116"},{"taxonomy":"post_tag","embeddable":true,"href":"https:\/\/www.bras-de-fer.fr\/blog\/wp-json\/wp\/v2\/tags?post=1116"}],"curies":[{"name":"wp","href":"https:\/\/api.w.org\/{rel}","templated":true}]}}